{"id":7107,"date":"2022-02-22T17:23:37","date_gmt":"2022-02-22T16:23:37","guid":{"rendered":"http:\/\/thevisitorpanama.net\/esp\/?p=7107"},"modified":"2022-03-04T22:57:35","modified_gmt":"2022-03-04T21:57:35","slug":"pedasi-avanza-en-proyectos-con-inversion-de-24-5-millones-e-instala-comite-de-gestion-de-destino","status":"publish","type":"post","link":"https:\/\/www.thevisitorpanama.info\/esp\/2022\/02\/22\/pedasi-avanza-en-proyectos-con-inversion-de-24-5-millones-e-instala-comite-de-gestion-de-destino\/","title":{"rendered":"Pedas\u00ed Avanza en Proyectos con Inversi\u00f3n de $ 24.5 Millones e Instala Comit\u00e9 de Gesti\u00f3n de Destino"},"content":{"rendered":"\n<figure class=\"wp-block-image\"><img decoding=\"async\" loading=\"lazy\" width=\"836\" height=\"28\" src=\"http:\/\/www.thevisitorpanama.info\/esp\/wp-content\/uploads\/2022\/02\/linea_idioma02-1.jpg\" alt=\"\" class=\"wp-image-7411\"\/><\/figure>\n\n\n\n<p>En presencia de l\u00edderes del sector de la industria, autoridades municipales y miembros de la comunidad se instal\u00f3 el primer Comit\u00e9 de Gesti\u00f3n de Destino Tur\u00edstico (CGD) en distrito de Pedas\u00ed, provincia de Los Santos.<\/p>\n\n\n\n<p>El CGD estar\u00e1 presidido por el administrador general de la ATP, Iv\u00e1n Eskildsen; como vicepresidente, el alcalde de Pedas\u00ed Miguel Batista; secretario, el presidente de la C\u00e1mara de Turismo de Pedas\u00ed, Ovidio D\u00edaz;  fiscales, Di\u00f3genes  Jim\u00e9nez, presidente del Consejo Municipal de Pedasi y Vidal Ramos, secretario de la Asociaci\u00f3n de Pescadores Pedasie\u00f1os Unidos de Playa Arenal; vocales, Sandra V\u00e1squez- directora Ejecutiva de la Fundaci\u00f3n Pro Eco Azuero y Dilsa Garc\u00eda, vocal de la Fundaci\u00f3n Amigos de Pedasi.<\/p>\n\n\n\n<p>Eskildsen se mostr\u00f3 muy optimista sobre el avance en el desarrollo de este destino prioritario seg\u00fan el plan maestro,&#8221;ya que  trabajando en equipo entre el sector p\u00fablico y privado se lograr\u00e1n avances cada vez m\u00e1s significativos&#8221;.<\/p>\n\n\n\n<p>El PMTS, aprobado en mayo 2021 por el Consejo de Gabinete, establece como prioridad crear modelos de gobernanza a nivel nacional, regional y local, en destinos como: Bocas del Toro, Boquete y Tierras Altas, Santa Catalina, Pedas\u00ed, Riviera Pac\u00edfica, Taboga y Portobelo, a fin de darle seguimiento a los programas que se implementen en estos destinos en coordinaci\u00f3n con la comunidad, el gobierno y el sector privado.<\/p>\n\n\n\n<p>Tambi\u00e9n destaca que para lograr esa visi\u00f3n de convertir a Panam\u00e1 en un destino tur\u00edstico sostenible de clase mundial, es importante trabajar en los destinos prioritarios a nivel local, para construir esa imagen de pa\u00eds.<\/p>\n\n\n\n<p>Obras elevan calidad de vida en la regi\u00f3n<\/p>\n\n\n\n<p>Luego de la instalaci\u00f3n del comit\u00e9 se conocieron los avances de los proyectos financiados por el Banco Interamericano de Desarrollo (BID), as\u00ed como tambi\u00e9n los proyectos que coordina el Gabinete Tur\u00edstico en Pedas\u00ed, que en  total suman $24,573,244.83 en inversi\u00f3n  que ayudar\u00e1 a elevar el potencial tur\u00edstico de la regi\u00f3n y la calidad de vida de la poblaci\u00f3n. <\/p>\n\n\n\n<p>El secretario ejecutivo del Gabinete Tur\u00edstico, Samir Gozaine, explic\u00f3 que los trabajos que se realizan actualmente en este destino prioritario del PMTS se ejecutan con otras instituciones como parte del compromiso interinstitucional durante el quinto Gabinete Tur\u00edstico que se realiz\u00f3 en Pedas\u00ed, en octubre de 2019 con el prop\u00f3sito de mejorar la experiencia de locales y extranjeros que eligen como destino Pedas\u00ed y Tonos\u00ed.<\/p>\n\n\n\n<p>A la fecha, se han culminado proyectos como la Carretera Pedas\u00ed, Los Asientos \u2013 Ca\u00f1as, con una longitud de 40.61 kil\u00f3metros. Esta v\u00eda que une a los distritos de Pedas\u00ed y Tonos\u00ed beneficiar\u00e1 a m\u00e1s de 14 mil 500 personas, adem\u00e1s impulsar\u00e1 significativamente el turismo de esta regi\u00f3n, la ganader\u00eda y la agricultura.<\/p>\n\n\n\n<p>Asimismo, se concluyeron los trabajos de un vertedero, con dos trincheras de vertido temporal y una balsa de lixiviado con cabida para 1,200 m3 para la disposici\u00f3n final de desechos. Un aproximado de 15 mil lugare\u00f1os se beneficiar\u00e1n con este proyecto. Pedas\u00ed cabecera, Purio, Mariab\u00e9, Los Asientos y Oria Arriba son algunas de las comunidades que podr\u00e1n utilizar este vertedero.<\/p>\n\n\n\n<p>El proyecto de mejoras de algunos componentes del sistema de abastecimiento de agua potable de Pedas\u00ed, el cual facilitar\u00e1 el suministro a 3,705 habitantes, es otro de los proyectos culminados.<\/p>\n\n\n\n<p>En un avance del m\u00e1s del 98% se encuentra el proyecto de electrificaci\u00f3n, L\u00ednea de Media Tensi\u00f3n Trif\u00e1sica desde Los Santos hasta Pedas\u00ed, el cual brindar\u00e1 mayor capacidad de suministro y mejorar\u00e1 la confiabilidad del sistema, la calidad y estabilidad del servicio p\u00fablico de electricidad.<\/p>\n\n\n\n<p>Hay proyectos en etapas de adjudicaci\u00f3n como la rehabilitaci\u00f3n Boulevard entrada a Las Tablas y circunvalaci\u00f3n v\u00eda Pedas\u00ed y en etapa de licitaci\u00f3n para el primer trimestre del a\u00f1o 2022 el Muelle Pasarela y Pont\u00f3n en Isla Ca\u00f1as.<\/p>\n\n\n\n<p>En cuanto a los proyectos ejecutados por el BID se presentaron cuatro, entre ellos: El estudio y dise\u00f1o del proyecto de Modos Alternativos de movilidad, que incluye la rehabilitaci\u00f3n de la Plaza Central, sus calles contiguas, control de velocidad de la avenida principal con una ciclov\u00eda desde  el centro de Pedas\u00ed hacia la playa El Arenal y otra hacia la Playa El Toro.<\/p>\n\n\n\n<p>La coordinadora de la unidad ATP-BID, Elizabeth Cede\u00f1o, adelant\u00f3 que con la Autoridad Mar\u00edtima de Panam\u00e1 (AMP) y el Ministerio de Ambiente se ha trabajado en una mesa t\u00e9cnica para realizar estudios en playa El Arenal e Isla Iguana para ver si es factible ubicar la construcci\u00f3n de un muelle en estos sitios de alta demanda de turistas y visitantes.<\/p>\n\n\n\n<p>A esto se suma el proyecto de manejo de residuos s\u00f3lidos integrado para posicionar a Pedas\u00ed como un destino completamente limpio y se realzar\u00e1n mejoras en el Centro de Visitantes de Pedas\u00ed.<\/p>\n\n\n\n<p>Adicional a ello, se realiz\u00f3 una gira a las tinas de oxidaci\u00f3n de Pedas\u00ed y Venao y se adelantaron conversaciones con el Gabinete Tur\u00edstico para la articulaci\u00f3n de recursos para realizar las mejoras en estas tinas, as\u00ed como para el apoyo del proyecto de SUME, que prev\u00e9 contar con el servicio de ambulancia en Pedas\u00ed.<\/p>\n\n\n\n<p>El  administrador de la ATP  junto al director de Aeron\u00e1utica Civil, Gustavo P\u00e9rez; el secretario ejecutivo del Gabinete Tur\u00edstico y  autoridades  del sector inspeccionaron la Pista de La  Candelaria,  en Pocr\u00ed , para evaluar la posibilidad de su traslado a un destino al que puedan llegar aviones de mayor capacidad; posteriormente sostuvo reuni\u00f3n  en el CEFATI  con la Comisi\u00f3n de Conectividad  A\u00e9rea, con representes de la C\u00e1mara de Turismo de Panam\u00e1 y con inversionistas locales en Playa Venao, donde se abordaron  temas en torno a  reactivaci\u00f3n econ\u00f3mico y generaci\u00f3n de empleos<\/p>\n\n\n\n<p>Una joya del pac\u00edfico<\/p>\n\n\n\n<p>Pedas\u00ed, es un destino de sol y playa y turismo activo en el mar: surf, pesca deportiva, observaci\u00f3n de fauna marina, buceo, snorkel. Tambi\u00e9n son relevantes los eventos tradicionales. Cuenta con cinco kil\u00f3metros de manglares navegables y posee el mayor arrecife de coral del litoral pac\u00edfico paname\u00f1o. La observaci\u00f3n de cet\u00e1ceos y tortugas se ha convertido en un gran atractivo que atrae turistas nacionales y extranjeros entre los meses de agosto a septiembre.<\/p>\n\n\n\n<p>Por sus extraordinarias caracter\u00edsticas ambientales, el Refugio de Vida Silvestre Isla Iguana es el principal atractivo tur\u00edstico del Distrito de Pedas\u00ed. Sin embargo, es necesario destacar aqu\u00ed una excesiva dependencia del destino de este recurso, como demostr\u00f3 la fuerte bajada en la ocupaci\u00f3n registrada en las semanas posteriores al descubrimiento de antiguas bombas enterradas en la Isla (las cuales fueron removidas). Sin embargo, las alternativas experienciales existen y est\u00e1 en la mano de los operadores locales la apuesta por productos nuevos que pongan en valor los distintos recursos que Pedas\u00ed tiene para el turismo.<\/p>\n","protected":false},"excerpt":{"rendered":"<p>En presencia de l\u00edderes del sector de la industria, autoridades municipales y miembros de la comunidad se instal\u00f3 el primer Comit\u00e9 de Gesti\u00f3n de Destino Tur\u00edstico (CGD) en distrito de Pedas\u00ed, provincia de Los Santos. El CGD estar\u00e1 presidido por el administrador general de la ATP, Iv\u00e1n Eskildsen; como vicepresidente, el alcalde de Pedas\u00ed Miguel [&hellip;]<\/p>\n","protected":false},"author":1,"featured_media":7442,"comment_status":"open","ping_status":"open","sticky":false,"template":"","format":"standard","meta":[],"categories":[44],"tags":[],"_links":{"self":[{"href":"https:\/\/www.thevisitorpanama.info\/esp\/wp-json\/wp\/v2\/posts\/7107"}],"collection":[{"href":"https:\/\/www.thevisitorpanama.info\/esp\/wp-json\/wp\/v2\/posts"}],"about":[{"href":"https:\/\/www.thevisitorpanama.info\/esp\/wp-json\/wp\/v2\/types\/post"}],"author":[{"embeddable":true,"href":"https:\/\/www.thevisitorpanama.info\/esp\/wp-json\/wp\/v2\/users\/1"}],"replies":[{"embeddable":true,"href":"https:\/\/www.thevisitorpanama.info\/esp\/wp-json\/wp\/v2\/comments?post=7107"}],"version-history":[{"count":4,"href":"https:\/\/www.thevisitorpanama.info\/esp\/wp-json\/wp\/v2\/posts\/7107\/revisions"}],"predecessor-version":[{"id":7443,"href":"https:\/\/www.thevisitorpanama.info\/esp\/wp-json\/wp\/v2\/posts\/7107\/revisions\/7443"}],"wp:featuredmedia":[{"embeddable":true,"href":"https:\/\/www.thevisitorpanama.info\/esp\/wp-json\/wp\/v2\/media\/7442"}],"wp:attachment":[{"href":"https:\/\/www.thevisitorpanama.info\/esp\/wp-json\/wp\/v2\/media?parent=7107"}],"wp:term":[{"taxonomy":"category","embeddable":true,"href":"https:\/\/www.thevisitorpanama.info\/esp\/wp-json\/wp\/v2\/categories?post=7107"},{"taxonomy":"post_tag","embeddable":true,"href":"https:\/\/www.thevisitorpanama.info\/esp\/wp-json\/wp\/v2\/tags?post=7107"}],"curies":[{"name":"wp","href":"https:\/\/api.w.org\/{rel}","templated":true}]}}