{"id":7074,"date":"2022-02-12T15:25:18","date_gmt":"2022-02-12T14:25:18","guid":{"rendered":"http:\/\/thevisitorpanama.net\/esp\/?p=7074"},"modified":"2022-02-12T15:29:27","modified_gmt":"2022-02-12T14:29:27","slug":"7074","status":"publish","type":"post","link":"https:\/\/www.thevisitorpanama.info\/esp\/2022\/02\/12\/7074\/","title":{"rendered":"Pa\u00edses de Am\u00e9rica Latina Firman en Panam\u00e1 Compromiso para Impulsar  Turismo Sostenible"},"content":{"rendered":"\n<p>Pa\u00edses de Am\u00e9rica Latina se comprometen a impulsar un turismo m\u00e1s sostenible<br>\n&#8220;Establecemos un compromiso de construir un turismo m\u00e1s responsable, consciente y comprometido con preservar la naturaleza y la cultura, tradiciones ancestrales, de las comunidades locales&#8221;, dijo el ministro de Turismo de Panam\u00e1, Iv\u00e1n Eskildsen.<\/p>\n\n\n\n<p>Al menos once ministros y altos representantes del sector turismo de Am\u00e9rica Latina y Jordania se firmaron en la Ciudad de Panam\u00e1 la declaraci\u00f3n &#8220;Transformaci\u00f3n hacia el turismo del futuro&#8221; para crear un sector m\u00e1s sostenible.<\/p>\n\n\n\n<p>Establecemos un compromiso de construir un turismo m\u00e1s responsable, consciente y comprometido con preservar la naturaleza y la cultura, tradiciones ancestrales, de las comunidades locales&#8221;, dijo a Efe el ministro de Turismo de Panam\u00e1, Iv\u00e1n Eskildsen.<\/p>\n\n\n\n<p>El compromiso fue firmado por los ministros de Turismo de Panam\u00e1, de Costa Rica, Gustavo Alvarado; y de Ecuador, Niels Olsen. Tambi\u00e9n por los viceministro de Turismo de Guatemala, Alejandro De Le\u00f3n; de Colombia, Ricardo Galindo, y el subsecretario de Estado Honduras, Luis Guillermo Ch\u00e1vez.<\/p>\n\n\n\n<p>Adem\u00e1s suscribieron la declaraci\u00f3n el secretario de Turismo de Mato Grosso do Sul, Brasil, Bruno Wending, y la directora de Norteam\u00e9rica de Jordania, Malia Asfour.<\/p>\n\n\n\n<p>A ellos se suman el director ejecutivo de Fondo de Promoci\u00f3n Tur\u00edstica de Panam\u00e1 (Promtur), Fernando Fondevila, y Shannon Stowell y Gabi Stowell, CEO y directora regional para Latinoam\u00e9rica y el Caribe de la Adventure Travel Trade Association (ATTA), respectivamente. <\/p>\n\n\n\n<p>En la declaraci\u00f3n, los Gobiernos se comprometen a hacer una &#8220;transformaci\u00f3n hacia una econom\u00eda tur\u00edstica carbono neutral y m\u00e1s resiliente socialmente \u2013 incluyendo nuevos modelos de negocio a trav\u00e9s de la digitalizaci\u00f3n -&#8220;.<br>\nGoogle noticias Panam\u00e1 Am\u00e9rica<br>\nAs\u00ed brindan &#8220;la oportunidad de asegurar una distribuci\u00f3n justa de sus beneficios y contribuyendo a una reactivaci\u00f3n econ\u00f3mica global&#8221;, contin\u00faa el documento.<\/p>\n\n\n\n<p>La declaraci\u00f3n &#8220;representa una se\u00f1al positiva que la industria de viajes y turismo a nivel global emerger\u00e1 de manera m\u00e1s consciente que antes, y comprometida a resurgir de esta pandemia con mayor alineamiento a un futuro m\u00e1s sostenible, como lo requiere el planeta y su gente&#8221;, se\u00f1al\u00f3 la Autoridad de Turismo de Panam\u00e1 (ATP) en un comunicado.<\/p>\n","protected":false},"excerpt":{"rendered":"<p>Pa\u00edses de Am\u00e9rica Latina se comprometen a impulsar un turismo m\u00e1s sostenible &#8220;Establecemos un compromiso de construir un turismo m\u00e1s responsable, consciente y comprometido con preservar la naturaleza y la cultura, tradiciones ancestrales, de las comunidades locales&#8221;, dijo el ministro de Turismo de Panam\u00e1, Iv\u00e1n Eskildsen. Al menos once ministros y altos representantes del sector [&hellip;]<\/p>\n","protected":false},"author":1,"featured_media":0,"comment_status":"open","ping_status":"open","sticky":false,"template":"","format":"standard","meta":[],"categories":[44],"tags":[],"_links":{"self":[{"href":"https:\/\/www.thevisitorpanama.info\/esp\/wp-json\/wp\/v2\/posts\/7074"}],"collection":[{"href":"https:\/\/www.thevisitorpanama.info\/esp\/wp-json\/wp\/v2\/posts"}],"about":[{"href":"https:\/\/www.thevisitorpanama.info\/esp\/wp-json\/wp\/v2\/types\/post"}],"author":[{"embeddable":true,"href":"https:\/\/www.thevisitorpanama.info\/esp\/wp-json\/wp\/v2\/users\/1"}],"replies":[{"embeddable":true,"href":"https:\/\/www.thevisitorpanama.info\/esp\/wp-json\/wp\/v2\/comments?post=7074"}],"version-history":[{"count":2,"href":"https:\/\/www.thevisitorpanama.info\/esp\/wp-json\/wp\/v2\/posts\/7074\/revisions"}],"predecessor-version":[{"id":7076,"href":"https:\/\/www.thevisitorpanama.info\/esp\/wp-json\/wp\/v2\/posts\/7074\/revisions\/7076"}],"wp:attachment":[{"href":"https:\/\/www.thevisitorpanama.info\/esp\/wp-json\/wp\/v2\/media?parent=7074"}],"wp:term":[{"taxonomy":"category","embeddable":true,"href":"https:\/\/www.thevisitorpanama.info\/esp\/wp-json\/wp\/v2\/categories?post=7074"},{"taxonomy":"post_tag","embeddable":true,"href":"https:\/\/www.thevisitorpanama.info\/esp\/wp-json\/wp\/v2\/tags?post=7074"}],"curies":[{"name":"wp","href":"https:\/\/api.w.org\/{rel}","templated":true}]}}