{"id":7051,"date":"2022-02-01T15:00:43","date_gmt":"2022-02-01T14:00:43","guid":{"rendered":"http:\/\/thevisitorpanama.net\/esp\/?p=7051"},"modified":"2022-02-01T15:01:48","modified_gmt":"2022-02-01T14:01:48","slug":"camtur-presenta-a-su-nueva-junta-directiva-de-camtur-para-el-periodo-2022-2024","status":"publish","type":"post","link":"https:\/\/www.thevisitorpanama.info\/esp\/2022\/02\/01\/camtur-presenta-a-su-nueva-junta-directiva-de-camtur-para-el-periodo-2022-2024\/","title":{"rendered":"CAMTUR Presenta a su Nueva Junta Directiva de CAMTUR para el Periodo 2022-2024"},"content":{"rendered":"\n<p>En el d\u00eda de ayer la C\u00e1mara Nacional de Turismo de Panam\u00e1 realiz\u00f3 en la Sede permanente del Parlamento Latinoamericano \u2013 PARLATINO la toma de Posesi\u00f3n de la Junta Directiva para el periodo 2022- 2024, en donde el se\u00f1or Ovidio D\u00edaz, nuevo Presidente de CAMTUR, jurament\u00f3 a los integrantes de su Junta Directiva para este nuevo periodo.<\/p>\n\n\n\n<p>La Nueva Junta Directiva para el periodo 2022- 2024, est\u00e1 conformada de la siguiente manera:<\/p>\n\n\n\n<p>\u25aaOvidio D\u00edaz, Presidente (Asociaci\u00f3n Paname\u00f1a de Peque\u00f1os Hoteles&nbsp;&nbsp; &#8211;&nbsp; HOPPAN)<br>\n\u25aaDomingo de Obald\u00eda, Vice Presidente (Asociaci\u00f3n de Restaurantes y Afines de Panam\u00e1 &#8211; ARAP)<br>\n\u25aaLuis Ricardo Mart\u00ednez, Secretario (Asociaci\u00f3n Paname\u00f1a de Profesionales de Convenciones y Exposiciones &#8211; APPCE)<br>\n\u25aaNadkyi Duque, Tesorera<br>\n&nbsp;(Asociaci\u00f3n Paname\u00f1a de Centros Comerciales- APACECOM)<br>\n\u25aaGilberto Arosemena, Fiscal (Asociaci\u00f3n Paname\u00f1a de Arrendadoras de Veh\u00edculos- ANAV)<br>\n\u25aaAntonio Alfaro, Vocal (Asociaci\u00f3n de Administradores de Juegos de Azar-&nbsp; ASAJA)<br>\n\u25aaPablo de la Guardia, Vocal (Asociaci\u00f3n de L\u00edneas A\u00e9reas de Panam\u00e1 &#8211; ALAP)<br>\n\u25aaJuan Carlos Fern\u00e1ndez, Vocal (Asociaci\u00f3n Paname\u00f1a de Agencias de Viaje y Turismo &#8211; APAVIT)<br>\n\u25aaJuan Antonio de la Guardia, Vocal (Asociaci\u00f3n de Gu\u00edas Tur\u00edsticos de Panam\u00e1 &#8211; AGTP)<br>\n\u25aaAlexis Zapata, Vocal (Asociaci\u00f3n Paname\u00f1a de Operadores de Turismo &#8211; APOTUR)<br>\n\u25aaErnesto Orillac Q., Ex Presidente y Asesor de la Junta Directiva (Asociaci\u00f3n Paname\u00f1a de&nbsp; Operadores de Turismo &#8211; APOTUR)<\/p>\n\n\n\n<p>&nbsp;La velada cont\u00f3 con la presencia de S.E. Jos\u00e9 Gabriel Carrizo Ja\u00e9n, Vicepresidente de la Rep\u00fablica de Panam\u00e1 y Ministro de la Presidencia, Sr. Iv\u00e1n Eskildsen, Administrador de la Autoridad de Turismo de la Rep\u00fablica de Panam\u00e1, Ministros de Estados, Directores y Altos Funcionarios de entidades gubernamentales, Cuerpo Diplom\u00e1tico, Presidentes de Gremios Empresariales, Presidentes de Gremios y Asociaciones de Turismo, Organismos Internacionales e invitados especiales.<\/p>\n","protected":false},"excerpt":{"rendered":"<p>En el d\u00eda de ayer la C\u00e1mara Nacional de Turismo de Panam\u00e1 realiz\u00f3 en la Sede permanente del Parlamento Latinoamericano \u2013 PARLATINO la toma de Posesi\u00f3n de la Junta Directiva para el periodo 2022- 2024, en donde el se\u00f1or Ovidio D\u00edaz, nuevo Presidente de CAMTUR, jurament\u00f3 a los integrantes de su Junta Directiva para este [&hellip;]<\/p>\n","protected":false},"author":1,"featured_media":0,"comment_status":"open","ping_status":"open","sticky":false,"template":"","format":"standard","meta":[],"categories":[44],"tags":[],"_links":{"self":[{"href":"https:\/\/www.thevisitorpanama.info\/esp\/wp-json\/wp\/v2\/posts\/7051"}],"collection":[{"href":"https:\/\/www.thevisitorpanama.info\/esp\/wp-json\/wp\/v2\/posts"}],"about":[{"href":"https:\/\/www.thevisitorpanama.info\/esp\/wp-json\/wp\/v2\/types\/post"}],"author":[{"embeddable":true,"href":"https:\/\/www.thevisitorpanama.info\/esp\/wp-json\/wp\/v2\/users\/1"}],"replies":[{"embeddable":true,"href":"https:\/\/www.thevisitorpanama.info\/esp\/wp-json\/wp\/v2\/comments?post=7051"}],"version-history":[{"count":1,"href":"https:\/\/www.thevisitorpanama.info\/esp\/wp-json\/wp\/v2\/posts\/7051\/revisions"}],"predecessor-version":[{"id":7052,"href":"https:\/\/www.thevisitorpanama.info\/esp\/wp-json\/wp\/v2\/posts\/7051\/revisions\/7052"}],"wp:attachment":[{"href":"https:\/\/www.thevisitorpanama.info\/esp\/wp-json\/wp\/v2\/media?parent=7051"}],"wp:term":[{"taxonomy":"category","embeddable":true,"href":"https:\/\/www.thevisitorpanama.info\/esp\/wp-json\/wp\/v2\/categories?post=7051"},{"taxonomy":"post_tag","embeddable":true,"href":"https:\/\/www.thevisitorpanama.info\/esp\/wp-json\/wp\/v2\/tags?post=7051"}],"curies":[{"name":"wp","href":"https:\/\/api.w.org\/{rel}","templated":true}]}}