{"id":6888,"date":"2022-01-27T05:03:33","date_gmt":"2022-01-27T04:03:33","guid":{"rendered":"http:\/\/thevisitorpanama.net\/esp\/?p=6888"},"modified":"2022-03-05T17:44:04","modified_gmt":"2022-03-05T16:44:04","slug":"raul-jimenez-el-turismo-en-panama-renacera-con-fuerza","status":"publish","type":"post","link":"https:\/\/www.thevisitorpanama.info\/esp\/2022\/01\/27\/raul-jimenez-el-turismo-en-panama-renacera-con-fuerza\/","title":{"rendered":"Ra\u00fal Jim\u00e9nez: El Turismo en Panam\u00e1 Renacer\u00e1 con Fuerza"},"content":{"rendered":"\n<p>El\nReportaje Especial llega en esta edici\u00f3n con una entrevista exclusiva al\nPresidente de la Asociaci\u00f3n Paname\u00f1a de Hoteles (APATEL) para el periodo 2022-2023.\nEmpresario del sector hotelero, graduado de Ingeniero Industrial con una\nMaestr\u00eda en Administraci\u00f3n de Empresas en Estados Unidos, Ra\u00fal Jim\u00e9nez,\nresponde a las preguntas que The Visitor tiene ante la actual situaci\u00f3n\necon\u00f3mica y los grandes desaf\u00edos que la Industria tur\u00edstica tiene por delante\ndespu\u00e9s de haber pasado la pandemia y un largo confinamiento.<\/p>\n\n\n\n<figure class=\"wp-block-image\"><img decoding=\"async\" loading=\"lazy\" width=\"1024\" height=\"768\" src=\"http:\/\/www.thevisitorpanama.info\/esp\/wp-content\/uploads\/2022\/01\/raul_jimenez02.jpg\" alt=\"\" class=\"wp-image-7506\"\/><\/figure>\n\n\n\n<p><strong>\u00bfCu\u00e1l es la situaci\u00f3n\nactual en comparaci\u00f3n a la que se ten\u00eda antes de la pandemia?<\/strong><\/p>\n\n\n\n<p>\u201cEl turismo en general sufri\u00f3 un cierre total de 7\nmeses en 2020, producto de la pandemia y del Estado de Emergencia nacional. En\n2019, seg\u00fan las cifras del INEC, entraron al pa\u00eds 2.2 millones de personas. Hay\nque recordar que no todos estos pueden ser calificados como turistas, pues una\ngran proporci\u00f3n son inmigrantes, pero para prop\u00f3sitos de comparaci\u00f3n la cifra\nes v\u00e1lida. A\u00fan no han salido las cifras del a\u00f1o completo 2021, pero los\nestimados preliminares son de 750,000 personas. El ingreso por gasto tur\u00edstico\ndejado por extranjeros en el pa\u00eds fue de $4,500 millones en 2019 &#8211;dos veces m\u00e1s\nde lo que deja el Canal al Gobierno Central. Dos a\u00f1os m\u00e1s tarde, ese ingreso\ncay\u00f3 a la tercera parte. Ahora nos enfocamos en reconstruirnos y crecer\u201d. <\/p>\n\n\n\n<figure class=\"wp-block-image\"><img decoding=\"async\" loading=\"lazy\" width=\"1024\" height=\"768\" src=\"http:\/\/www.thevisitorpanama.info\/esp\/wp-content\/uploads\/2022\/01\/raul_jimenez04.jpg\" alt=\"\" class=\"wp-image-7507\"\/><\/figure>\n\n\n\n<p><strong>\u00bfC\u00f3mo\nse planea trabajar para incrementar el turismo en Panam\u00e1 y as\u00ed el n\u00famero de\nocupantes en los hoteles?<\/strong><\/p>\n\n\n\n<p>\u201cEn APATEL estamos muy conscientes de que para\nrecuperar empleos y mantener la infraestructura tur\u00edstica, es necesario\nincrementar la demanda de turistas internacionales hacia Panam\u00e1. El turismo\ninterno representaba antes de la pandemia el 15% del total y es insuficiente. Nos\nhemos propuesto como gran objetivo coordinar esfuerzos con la Autoridad de\nTurismo, PROMTUR y&nbsp; todos los&nbsp; gremios tur\u00edsticos y econ\u00f3micos, para aumentar\nla entrada de extranjeros, la duraci\u00f3n de su estad\u00eda con nosotros y el gasto\ntur\u00edstico que hacen en nuestro pa\u00eds. Esas son las m\u00e9tricas indispensables en\nlas que debemos concentrarnos todos como naci\u00f3n\u201d.<\/p>\n\n\n\n<figure class=\"wp-block-image\"><img decoding=\"async\" loading=\"lazy\" width=\"1024\" height=\"768\" src=\"http:\/\/www.thevisitorpanama.info\/esp\/wp-content\/uploads\/2022\/01\/raul_jimenez01.jpg\" alt=\"\" class=\"wp-image-7508\"\/><\/figure>\n\n\n\n<p><strong>\u00bfC\u00f3mo\nse piensa trabajar con los distintos gremios para que los objetivos se\nalcancen?<\/strong><\/p>\n\n\n\n<p>Los dos \u00faltimos a\u00f1os nos han llevado a todos a\nreplantear y redise\u00f1ar el futuro tur\u00edstico del pa\u00eds.&nbsp; Los gremios hemos trabajado en las mesas de\nreactivaci\u00f3n, de revisi\u00f3n de la Ley General de Turismo y otros temas\nimportantes para el renacimiento de la industria. Hay una relaci\u00f3n fluida que\nha resultado en un derroche de creatividad y colaboraci\u00f3n que apunta hacia el\nmismo objetivo. Panam\u00e1 tiene atractivos \u00fanicos, una ciudad cosmopolita, y una\npoblaci\u00f3n abierta y hospitalaria con el extranjero. Somos literalmente el cruce\ndel mundo, pero no podemos dormir sobre nuestros laureles. Debemos salir a\nvender Panam\u00e1, a competir, y a superar las expectativas del turista extranjero,\nque siempre tiene opciones.&nbsp; Si hacemos\nlas cosas bien, estaremos a las puertas del gran rebote tur\u00edstico. <\/p>\n\n\n\n<figure class=\"wp-block-image\"><img decoding=\"async\" loading=\"lazy\" width=\"932\" height=\"700\" src=\"http:\/\/www.thevisitorpanama.info\/esp\/wp-content\/uploads\/2022\/01\/raul_jimenez05.jpg\" alt=\"\" class=\"wp-image-7509\"\/><\/figure>\n\n\n\n<p><strong>Necesitamos reforzar nuestra oferta tur\u00edstica en los\ndestinos, \u00bfQu\u00e9 propuestas han propuesto como gremio tur\u00edstico?<\/strong><\/p>\n\n\n\n<p>APATEL apoyar\u00e1 todas las gestiones y acciones\ndestinadas a la creaci\u00f3n del producto tur\u00edstico. Es imprescindible darle m\u00e1s\nrazones al turista para escoger venir a Panam\u00e1 y extender su estad\u00eda. Con el\nPlan Maestro de Turismo Sostenible, Panam\u00e1 est\u00e1 comprometida con el turismo de\nrecreaci\u00f3n, &nbsp;&nbsp;&nbsp;&nbsp; que es aquel en el que el\nvisitante escoge venir a Panam\u00e1, viene con su familia y se queda m\u00e1s d\u00edas. Hemos\ntambi\u00e9n propuesto maximizar nuestra oferta tur\u00edstica contratando sendos Planes\nMaestros para la recuperaci\u00f3n y el desarrollo de infraestructura tur\u00edstica en\nPortobelo, Taboga, Gamboa y la Costa Sur de Azuero. Apoyamos al Gobierno\nNacional en la implementaci\u00f3n del programa de inversiones en Bocas del Toro.\nPor \u00faltimo, abogamos por el rescate y puesta en valor del Camino de Cruces y\notros empedrados a\u00fan existentes, que constituyeron nuestra primera ruta interoce\u00e1nica\ny que est\u00e1n ah\u00ed, a la espera de ser develados para el mundo. Todos estos\natractivos invitar\u00e1n al visitante a quedarse uno, dos o tres d\u00edas m\u00e1s en\nPanam\u00e1, dejando m\u00e1s ingresos y bienestar para los paname\u00f1os.<\/p>\n\n\n\n<figure class=\"wp-block-image\"><img decoding=\"async\" loading=\"lazy\" width=\"1024\" height=\"768\" src=\"http:\/\/www.thevisitorpanama.info\/esp\/wp-content\/uploads\/2022\/01\/raul_jimenez03.jpg\" alt=\"\" class=\"wp-image-7510\"\/><\/figure>\n\n\n\n<p>Planteamos, adem\u00e1s, una pol\u00edtica inteligente en el uso\nde los aeropuertos del pa\u00eds, para incentivar la llegada de nuevas aerol\u00edneas a\nTocumen, R\u00edo Hato, David y Panam\u00e1 Pac\u00edfico, especialmente de bajo costo. Esto\nes muy importante para el desarrollo del turismo de recreaci\u00f3n o \u201cverde\u201d\nconsignado en el Plan Maestro de Turismo Sostenible, que es un gran acierto de\nla actual administraci\u00f3n. <\/p>\n\n\n\n<p>Soy un convencido del vigoroso renacimiento del turismo en Panam\u00e1. Nos define una idiosincrasia volcada al mundo y orgullosa de mostrar lo nuestro al extranjero.&nbsp; El \u00e9xito depende de la voluntad. En APATEL apoyaremos todas las gestiones encaminadas a la reconstrucci\u00f3n de Panam\u00e1 como destino escogido por el turista internacional.<\/p>\n\n\n\n<figure class=\"wp-block-image\"><img decoding=\"async\" loading=\"lazy\" width=\"1024\" height=\"768\" src=\"http:\/\/www.thevisitorpanama.info\/esp\/wp-content\/uploads\/2022\/01\/raul_jimenez06.jpg\" alt=\"\" class=\"wp-image-7511\"\/><\/figure>\n\n\n\n<p><\/p>\n\n\n\n<p>Fotos cortes\u00eda: Ra\u00fal Jim\u00e9nez- Apatel<\/p>\n","protected":false},"excerpt":{"rendered":"<p>El Reportaje Especial llega en esta edici\u00f3n con una entrevista exclusiva al Presidente de la Asociaci\u00f3n Paname\u00f1a de Hoteles (APATEL) para el periodo 2022-2023. Empresario del sector hotelero, graduado de Ingeniero Industrial con una Maestr\u00eda en Administraci\u00f3n de Empresas en Estados Unidos, Ra\u00fal Jim\u00e9nez, responde a las preguntas que The Visitor tiene ante la actual [&hellip;]<\/p>\n","protected":false},"author":1,"featured_media":7505,"comment_status":"open","ping_status":"open","sticky":false,"template":"","format":"standard","meta":[],"categories":[33],"tags":[],"_links":{"self":[{"href":"https:\/\/www.thevisitorpanama.info\/esp\/wp-json\/wp\/v2\/posts\/6888"}],"collection":[{"href":"https:\/\/www.thevisitorpanama.info\/esp\/wp-json\/wp\/v2\/posts"}],"about":[{"href":"https:\/\/www.thevisitorpanama.info\/esp\/wp-json\/wp\/v2\/types\/post"}],"author":[{"embeddable":true,"href":"https:\/\/www.thevisitorpanama.info\/esp\/wp-json\/wp\/v2\/users\/1"}],"replies":[{"embeddable":true,"href":"https:\/\/www.thevisitorpanama.info\/esp\/wp-json\/wp\/v2\/comments?post=6888"}],"version-history":[{"count":3,"href":"https:\/\/www.thevisitorpanama.info\/esp\/wp-json\/wp\/v2\/posts\/6888\/revisions"}],"predecessor-version":[{"id":7512,"href":"https:\/\/www.thevisitorpanama.info\/esp\/wp-json\/wp\/v2\/posts\/6888\/revisions\/7512"}],"wp:featuredmedia":[{"embeddable":true,"href":"https:\/\/www.thevisitorpanama.info\/esp\/wp-json\/wp\/v2\/media\/7505"}],"wp:attachment":[{"href":"https:\/\/www.thevisitorpanama.info\/esp\/wp-json\/wp\/v2\/media?parent=6888"}],"wp:term":[{"taxonomy":"category","embeddable":true,"href":"https:\/\/www.thevisitorpanama.info\/esp\/wp-json\/wp\/v2\/categories?post=6888"},{"taxonomy":"post_tag","embeddable":true,"href":"https:\/\/www.thevisitorpanama.info\/esp\/wp-json\/wp\/v2\/tags?post=6888"}],"curies":[{"name":"wp","href":"https:\/\/api.w.org\/{rel}","templated":true}]}}