{"id":6835,"date":"2022-01-22T03:40:06","date_gmt":"2022-01-22T02:40:06","guid":{"rendered":"http:\/\/thevisitorpanama.net\/esp\/?p=6835"},"modified":"2022-03-05T18:20:48","modified_gmt":"2022-03-05T17:20:48","slug":"mueven-para-abril-los-desfiles-del-carnaval-en-rio-de-janeiro-y-sao-paolo","status":"publish","type":"post","link":"https:\/\/www.thevisitorpanama.info\/esp\/2022\/01\/22\/mueven-para-abril-los-desfiles-del-carnaval-en-rio-de-janeiro-y-sao-paolo\/","title":{"rendered":"Aplazan para Abril los Desfiles del Carnaval en R\u00edo de Janeiro y Sao Paolo"},"content":{"rendered":"\n<p>El aplazamiento del evento en las dos mayores ciudades de Brasil, uno de los pa\u00edses m\u00e1s castigados por la covid-19 en el mundo<br>R\u00edo de Janeiro y Sao Paulo, las dos mayores ciudades de Brasil, anunciaron este viernes el aplazamiento, hasta el 21 de abril y como medida para frenar el avance de la pandemia de la covid-19, de los desfiles de las escuelas de samba del carnaval que estaban previstos para febrero.<\/p>\n\n\n\n<p>Ambas ciudades ya hab\u00edan anunciado la suspensi\u00f3n este a\u00f1o del llamado carnaval de r\u00faa, que es animado por las comparsas y bandas que desfilan gratuitamente ante millones de personas en las calles, y ahora optaron por aplazar, &#8220;para una fecha con posibles mejores condiciones sanitarias&#8221;, el carnaval realizado dentro de sus samb\u00f3dromos.Las alcald\u00edas consideraban inicialmente que, por realizarse en escenarios con acceso restringido como los samb\u00f3dromos, en donde ser\u00eda posible exigirle certificado de vacunaci\u00f3n y hasta prueba negativa de la covid-19 al p\u00fablico, los desfiles de las escuelas de samba no contribuir\u00edan para agravar la pandemia en Brasil.<\/p>\n\n\n\n<p><br>El alcalde de R\u00edo aclar\u00f3 que la decisi\u00f3n de aplazar el carnaval en el samb\u00f3dromo no significa que est\u00e9 pensando revertir su decisi\u00f3n de suspender el carnaval de las comparsas y bandas en las calles.&#8221;A\u00fan tenemos que analizar eso, pero ser\u00e1 una decisi\u00f3n t\u00e9cnica. El carnaval de calle tiene caracter\u00edsticas muy diferentes. Sus desfiles no se limitan a los d\u00edas de carnaval e incluso comienzan mucho antes. Analizaremos m\u00e1s tarde si habr\u00e1 condiciones de permitirlo&#8221;, dijo.Ambas ciudades, en un comunicado conjunto, justificaron su decisi\u00f3n por la necesidad de &#8220;respetar el actual escenario de la pandemia de la covid-19.&nbsp;<br><\/p>\n","protected":false},"excerpt":{"rendered":"<p>El aplazamiento del evento en las dos mayores ciudades de Brasil, uno de los pa\u00edses m\u00e1s castigados por la covid-19 en el mundoR\u00edo de Janeiro y Sao Paulo, las dos mayores ciudades de Brasil, anunciaron este viernes el aplazamiento, hasta el 21 de abril y como medida para frenar el avance de la pandemia de [&hellip;]<\/p>\n","protected":false},"author":1,"featured_media":7570,"comment_status":"open","ping_status":"open","sticky":false,"template":"","format":"standard","meta":[],"categories":[42],"tags":[],"_links":{"self":[{"href":"https:\/\/www.thevisitorpanama.info\/esp\/wp-json\/wp\/v2\/posts\/6835"}],"collection":[{"href":"https:\/\/www.thevisitorpanama.info\/esp\/wp-json\/wp\/v2\/posts"}],"about":[{"href":"https:\/\/www.thevisitorpanama.info\/esp\/wp-json\/wp\/v2\/types\/post"}],"author":[{"embeddable":true,"href":"https:\/\/www.thevisitorpanama.info\/esp\/wp-json\/wp\/v2\/users\/1"}],"replies":[{"embeddable":true,"href":"https:\/\/www.thevisitorpanama.info\/esp\/wp-json\/wp\/v2\/comments?post=6835"}],"version-history":[{"count":3,"href":"https:\/\/www.thevisitorpanama.info\/esp\/wp-json\/wp\/v2\/posts\/6835\/revisions"}],"predecessor-version":[{"id":7571,"href":"https:\/\/www.thevisitorpanama.info\/esp\/wp-json\/wp\/v2\/posts\/6835\/revisions\/7571"}],"wp:featuredmedia":[{"embeddable":true,"href":"https:\/\/www.thevisitorpanama.info\/esp\/wp-json\/wp\/v2\/media\/7570"}],"wp:attachment":[{"href":"https:\/\/www.thevisitorpanama.info\/esp\/wp-json\/wp\/v2\/media?parent=6835"}],"wp:term":[{"taxonomy":"category","embeddable":true,"href":"https:\/\/www.thevisitorpanama.info\/esp\/wp-json\/wp\/v2\/categories?post=6835"},{"taxonomy":"post_tag","embeddable":true,"href":"https:\/\/www.thevisitorpanama.info\/esp\/wp-json\/wp\/v2\/tags?post=6835"}],"curies":[{"name":"wp","href":"https:\/\/api.w.org\/{rel}","templated":true}]}}