{"id":6788,"date":"2022-01-13T22:16:02","date_gmt":"2022-01-13T21:16:02","guid":{"rendered":"http:\/\/thevisitorpanama.net\/esp\/?p=6788"},"modified":"2022-03-05T18:36:35","modified_gmt":"2022-03-05T17:36:35","slug":"6788","status":"publish","type":"post","link":"https:\/\/www.thevisitorpanama.info\/esp\/2022\/01\/13\/6788\/","title":{"rendered":"Nueva Junta Directiva de APATEL se Propone Incrementar la Demanda Tur\u00edstica"},"content":{"rendered":"\n<p>La implementaci\u00f3n de cambios profundos a lo que Panam\u00e1 ofrece como naci\u00f3n o como destino, fue una de las primeras sugerencias realizadas por el nuevo presidente de la Asociaci\u00f3n Paname\u00f1a de Hoteles (Apatel) para el periodo 2022, Ra\u00fal Jim\u00e9nez, quien recalc\u00f3 que la industria tur\u00edstica requiere salir de la situaci\u00f3n en que se encuentra, tras la pandemia del Covid-19.<\/p>\n\n\n\n<figure class=\"wp-block-image\"><img decoding=\"async\" loading=\"lazy\" width=\"1024\" height=\"574\" src=\"http:\/\/www.thevisitorpanama.info\/esp\/wp-content\/uploads\/2022\/01\/apatel05.jpg\" alt=\"\" class=\"wp-image-7584\"\/><\/figure>\n\n\n\n<p>Durante el acto de toma de posesi\u00f3n de la nueva Junta Directiva de Apatel, Jim\u00e9nez \u201creconoci\u00f3 que para lograr la recuperaci\u00f3n del sector es necesario la reactivaci\u00f3n del turismo internacional y advirti\u00f3 que la demanda local, que fue solo 15% del total hasta 2019, no es suficiente para mantener los puestos de empleo, ni a la infraestructura tur\u00edstica nacional\u201d.<\/p>\n\n\n\n<figure class=\"wp-block-image\"><img decoding=\"async\" loading=\"lazy\" width=\"1024\" height=\"575\" src=\"http:\/\/www.thevisitorpanama.info\/esp\/wp-content\/uploads\/2022\/01\/apatel04.jpg\" alt=\"\" class=\"wp-image-7585\"\/><\/figure>\n\n\n\n<p>\u201cAnte toda esta realidad, en Apatel nos hemos marcado un gran objetivo: incrementar la demanda tur\u00edstica internacional hacia Panam\u00e1 y, nuestra primera gran tarea, ser\u00e1 alinear a todos los actores privados y p\u00fablicos que entregan sus energ\u00edas, su creatividad y su voluntad al crecimiento de nuestra industria y de nuestro pa\u00eds. Todos ellos \u2014ustedes\u2014 son parte esencial, irreemplazable, de esta misi\u00f3n\u201d, precis\u00f3 el nuevo presidente del gremio hotelero.<\/p>\n\n\n\n<figure class=\"wp-block-image\"><img decoding=\"async\" loading=\"lazy\" width=\"1024\" height=\"575\" src=\"http:\/\/www.thevisitorpanama.info\/esp\/wp-content\/uploads\/2022\/01\/apatel06.jpg\" alt=\"\" class=\"wp-image-7586\"\/><\/figure>\n\n\n\n<p>De conformidad con un comunicado emitido por el gremio del sector turismo, Jim\u00e9nez dimension\u00f3 \u201cla labor desempe\u00f1ada por la Autoridad de Turismo de Panam\u00e1 (ATP) en la elaboraci\u00f3n del Plan Maestro de Turismo Sostenible, enfocado en la transformaci\u00f3n hacia el turismo verde, que resalta la naturaleza del pa\u00eds, su patrimonio cultural y su identidad nacional como cruce de pueblos\u201d.<\/p>\n\n\n\n<p>Este plan tambi\u00e9n proyecta al pa\u00eds como destino de convenciones y eventos -acentu\u00f3 la informaci\u00f3n-, principalmente ahora con la apertura del Centro de Convenciones de Amador, a la entrada del Canal de Panam\u00e1, que asegura potenciar este sector, y convertir al pa\u00eds en centro de recreaci\u00f3n a la par de Las Vegas, Orlando, Singapur y otras ciudades, las cuales son ejemplo de la gran complementariedad entre los eventos y convenciones y el turismo de recreaci\u00f3n\u201d.<\/p>\n\n\n\n<figure class=\"wp-block-image\"><img decoding=\"async\" loading=\"lazy\" width=\"1024\" height=\"574\" src=\"http:\/\/www.thevisitorpanama.info\/esp\/wp-content\/uploads\/2022\/01\/apatel02.jpg\" alt=\"\" class=\"wp-image-7587\"\/><\/figure>\n\n\n\n<p>El presidente electo de Apatel expres\u00f3 su respaldo a las acciones del Fondo de Promoci\u00f3n Tur\u00edstica Internacional (Promtur) y recalc\u00f3 la importancia de la promoci\u00f3n internacional, porque seg\u00fan \u00e9l \u201clo que no se anuncia, no se vende\u201d y hacia el objetivo de captar ingreso de visitantes se deben dirigir las acciones.<\/p>\n\n\n\n<p><\/p>\n\n\n\n<figure class=\"wp-block-image\"><img decoding=\"async\" loading=\"lazy\" width=\"1024\" height=\"574\" src=\"http:\/\/www.thevisitorpanama.info\/esp\/wp-content\/uploads\/2022\/01\/apatel03.jpg\" alt=\"\" class=\"wp-image-7588\"\/><\/figure>\n","protected":false},"excerpt":{"rendered":"<p>La implementaci\u00f3n de cambios profundos a lo que Panam\u00e1 ofrece como naci\u00f3n o como destino, fue una de las primeras sugerencias realizadas por el nuevo presidente de la Asociaci\u00f3n Paname\u00f1a de Hoteles (Apatel) para el periodo 2022, Ra\u00fal Jim\u00e9nez, quien recalc\u00f3 que la industria tur\u00edstica requiere salir de la situaci\u00f3n en que se encuentra, tras [&hellip;]<\/p>\n","protected":false},"author":1,"featured_media":7583,"comment_status":"open","ping_status":"open","sticky":false,"template":"","format":"standard","meta":[],"categories":[44],"tags":[],"_links":{"self":[{"href":"https:\/\/www.thevisitorpanama.info\/esp\/wp-json\/wp\/v2\/posts\/6788"}],"collection":[{"href":"https:\/\/www.thevisitorpanama.info\/esp\/wp-json\/wp\/v2\/posts"}],"about":[{"href":"https:\/\/www.thevisitorpanama.info\/esp\/wp-json\/wp\/v2\/types\/post"}],"author":[{"embeddable":true,"href":"https:\/\/www.thevisitorpanama.info\/esp\/wp-json\/wp\/v2\/users\/1"}],"replies":[{"embeddable":true,"href":"https:\/\/www.thevisitorpanama.info\/esp\/wp-json\/wp\/v2\/comments?post=6788"}],"version-history":[{"count":5,"href":"https:\/\/www.thevisitorpanama.info\/esp\/wp-json\/wp\/v2\/posts\/6788\/revisions"}],"predecessor-version":[{"id":7589,"href":"https:\/\/www.thevisitorpanama.info\/esp\/wp-json\/wp\/v2\/posts\/6788\/revisions\/7589"}],"wp:featuredmedia":[{"embeddable":true,"href":"https:\/\/www.thevisitorpanama.info\/esp\/wp-json\/wp\/v2\/media\/7583"}],"wp:attachment":[{"href":"https:\/\/www.thevisitorpanama.info\/esp\/wp-json\/wp\/v2\/media?parent=6788"}],"wp:term":[{"taxonomy":"category","embeddable":true,"href":"https:\/\/www.thevisitorpanama.info\/esp\/wp-json\/wp\/v2\/categories?post=6788"},{"taxonomy":"post_tag","embeddable":true,"href":"https:\/\/www.thevisitorpanama.info\/esp\/wp-json\/wp\/v2\/tags?post=6788"}],"curies":[{"name":"wp","href":"https:\/\/api.w.org\/{rel}","templated":true}]}}