{"id":6552,"date":"2021-12-20T04:01:29","date_gmt":"2021-12-20T03:01:29","guid":{"rendered":"http:\/\/thevisitorpanama.net\/esp\/?p=6552"},"modified":"2022-12-20T17:13:22","modified_gmt":"2022-12-20T22:13:22","slug":"ovidio-diaz-consolidacion-del-gremio-y-diferentes-mercados-para-diferentes-destinos","status":"publish","type":"post","link":"https:\/\/www.thevisitorpanama.info\/esp\/2021\/12\/20\/ovidio-diaz-consolidacion-del-gremio-y-diferentes-mercados-para-diferentes-destinos\/","title":{"rendered":"Ovidio D\u00edaz:  Consolidaci\u00f3n del Gremio y  Diferentes Mercados para Diferentes Destinos"},"content":{"rendered":"\n<p>El Reportaje\nEspecial en esta ocasi\u00f3n tiene tanta informaci\u00f3n que la hemos plasmado en\nformato entrevista con el reci\u00e9n electo Presidente de la C\u00e1mara Nacional de Turismo\n(CAMTUR) para el periodo 2022-2024 Ovidio D\u00edaz. En una charla amena, Ovidio con\nmuchos a\u00f1os de experiencia en el turismo conversa en exclusiva con The Visitor\nacerca de lo que piensa hacer una vez empiece su mandato. <\/p>\n\n\n\n<figure class=\"wp-block-image\"><img decoding=\"async\" loading=\"lazy\" width=\"1024\" height=\"684\" src=\"http:\/\/www.thevisitorpanama.info\/esp\/wp-content\/uploads\/2021\/12\/ovidio_diaz07.jpg\" alt=\"\" class=\"wp-image-7679\"\/><\/figure>\n\n\n\n<p><strong>\u00bfQu\u00e9 es lo primero\nque realizar\u00e1 como Presidente de CAMTUR?<\/strong><strong><\/strong><\/p>\n\n\n\n<p>\u201cLo primero que\nvamos hacer, es fortalecer el gremio. Ese fortalecimiento lo hacemos logrando\nque todas las estructuras tur\u00edsticas gremiales se sumen y sean parte de CAMTUR.\nEstas estructuras o gremios tienen\nque tener fortaleza as\u00ed\nes que trabajaremos para lograr un verdadero empoderamiento de cada una de estas\norganizaciones. Nuestras directrices tienen que emanar de abajo hacia arriba y por eso en el proceso de\nconformaci\u00f3n de la Junta\nDirectiva, yo me enfoque en lograr que los nuevos directores fueran los l\u00edderes\nde cada una de las organizaciones que conforman CAMTUR\u201d. <\/p>\n\n\n\n<figure class=\"wp-block-image\"><img decoding=\"async\" loading=\"lazy\" width=\"1024\" height=\"768\" src=\"http:\/\/www.thevisitorpanama.info\/esp\/wp-content\/uploads\/2021\/12\/ovidio_diaz04.jpg\" alt=\"\" class=\"wp-image-7680\"\/><\/figure>\n\n\n\n<p><strong>\u00bfMercado Nacional?<\/strong><strong><\/strong><\/p>\n\n\n\n<p>\u201cYo empezar\u00eda\nbuscando la manera de generar\ntr\u00e1fico de turistas durante los d\u00edas de semana y no solo los fines de\nsemana. Para destinos con poco inventario de camas, ejemplo Pedas\u00ed, nuestro\nprimer mercado debe ser la Ciudad\nde Panam\u00e1. Ah\u00ed viven un aproximado de un mill\u00f3n de personas, tenemos que\nentender c\u00f3mo los traemos\nal interior y para eso es necesario saber por qu\u00e9 no est\u00e1n llegando,\ncu\u00e1les son las limitaciones, hay que pon\u00e9rsela&nbsp;\nf\u00e1cil, activar mercadeo y&nbsp;\npublicidad. <\/p>\n\n\n\n<p>Yo creo que irnos a\nvender el interior a mercados como los Estados Unidos no es lo apropiado para\ndestinos que tienen poco inventario de camas, la relaci\u00f3n camas y mercado tiene\nque ser adecuado. Es como tener una \u201cSebadera llena de Mara\u00f1ones\u201d en Pedas\u00ed y\nme voy hasta Ciudad de Panam\u00e1 a venderlo, cuando puedo irme a Las Tablas y lo\nvendo todo. Cuando comparas el costo de la inversi\u00f3n en mercados desproporcionados\ncon la cantidad de camas te das cuenta que no amerita el esfuerzo ya que el\nretorno no ser\u00e1 efectivo\u201d.<\/p>\n\n\n\n<figure class=\"wp-block-image\"><img decoding=\"async\" loading=\"lazy\" width=\"768\" height=\"1024\" src=\"http:\/\/www.thevisitorpanama.info\/esp\/wp-content\/uploads\/2021\/12\/ovidio_diaz05.jpg\" alt=\"\" class=\"wp-image-7681\"\/><\/figure>\n\n\n\n<p><strong>\u00bfMercados\nadyacentes?<\/strong><strong><\/strong><\/p>\n\n\n\n<p>\u201cYo como presidente\nde CAMTUR tengo que analizar la forma mas eficiente de captar turistas, me\nparece que para el destino Chiriqu\u00ed se podr\u00eda hablar con Copa Airlines y ver si\nles es atractivo realizar una ruta entre Bogot\u00e1 y David, me parece interesante\nya que podr\u00eda generar actividad econ\u00f3mica no solamente del turismo si no de\notros sectores econ\u00f3micos. Ese vuelo puede enlazar con la ruta que la misma\naerol\u00ednea tiene entre la Ciudad\nde Panam\u00e1 y David. Chiriqu\u00ed tiene una buena poblaci\u00f3n, con empresarios de\ndiferentes ramas, las estad\u00edsticas nos indican que el ciudadano de Bogot\u00e1 busca\ndentro del turismo de Vacaciones el producto Sol y Playa, el cu\u00e1l tiene Chiriqu\u00ed,\nadem\u00e1s con el agregado eco tur\u00edstico en lugares predominantes como sus tierras\naltas. Adem\u00e1s, se generar\u00eda un turismo de negocio por el inventario de recurso\nhumano e infraestructura con la que cuenta la regi\u00f3n. El otro Mercado para esa\nregi\u00f3n es proveniente de Centro Am\u00e9rica lo cual tenemos que trabajar para que\nel cruce de turistas por nuestra fronteras se haga de manera expedita.<\/p>\n\n\n\n<figure class=\"wp-block-image\"><img decoding=\"async\" loading=\"lazy\" width=\"1024\" height=\"732\" src=\"http:\/\/www.thevisitorpanama.info\/esp\/wp-content\/uploads\/2021\/12\/ovidio_diaz06.jpg\" alt=\"\" class=\"wp-image-7682\"\/><\/figure>\n\n\n\n<p>En el \u00e1rea de\nAzuero creo que el mercado mas adecuado, para empezar, seria la ciudad de Medell\u00edn\n, esta a menos de 600 km de la pista de Chitr\u00e9, podr\u00edamos implementar una ruta\nen aviones de 50 pasajeros dos veces a la semana que enlace Ciudad de Panam\u00e1,\nChitr\u00e9 y Medell\u00edn. Un viaje &nbsp;el Viernes y\notro Domingo.<\/p>\n\n\n\n<p>La Rivera Pacifico\ncon el aeropuerto de R\u00edo Hato se le apunta a mercados mas grandes ya que tiene\nalrededor de&nbsp; tres mil habitaciones, podr\u00edamos\noperar con aviones de 190 pasajeros, pueden establecer rutas para el producto\nSol y Playa procedentes de Norte y Sur Am\u00e9rica\u201d.<\/p>\n\n\n\n<figure class=\"wp-block-image\"><img decoding=\"async\" loading=\"lazy\" width=\"1024\" height=\"768\" src=\"http:\/\/www.thevisitorpanama.info\/esp\/wp-content\/uploads\/2021\/12\/ovidio_diaz03.jpg\" alt=\"\" class=\"wp-image-7683\"\/><\/figure>\n\n\n\n<p><strong>\u00bfQu\u00e9 tiene pensado\npara Ciudad de Panam\u00e1?<\/strong><strong><\/strong><\/p>\n\n\n\n<p>\u201cYo creo que\ntenemos que concentrarnos en vender el producto Ciudad de Panam\u00e1 para el sector\nMICE. buscar los clientes para ofrecer los productos dentro de la industria de\nreuniones,&nbsp; seria , EL MEJOR DESTINO DE\nLATINOAMERICA PARA EVENTOS Y REUNIONES. Esto es posible porque contamos con un\ngran inventario de camas, como 20 mil, Centro de Convenciones de Amador y\nAtlapa adicional de los miles de metros cuadrados de salones que tienen los\nhoteles de la ciudad, gran conectividad a\u00e9rea, a esto le agregamos el\ncomplemento adicional que son&nbsp; los\natractivos tur\u00edsticos como el Canal de Panam\u00e1, Casco Antiguo, la ciudad moderna\ncon restaurantes, bares y casinos, Taboga y Contadora, el parque Metropolitano,\ncomo algunos. Le apuntar\u00eda a las&nbsp; grandes\ncorporaciones del mundo.\u201d<\/p>\n\n\n\n<p>\u201cYo Prefiero Accionar que Criticar\u201d. <\/p>\n\n\n\n<p><\/p>\n\n\n\n<figure class=\"wp-block-image\"><img decoding=\"async\" loading=\"lazy\" width=\"1024\" height=\"681\" src=\"http:\/\/www.thevisitorpanama.info\/esp\/wp-content\/uploads\/2021\/12\/ovidio_diaz02.jpg\" alt=\"\" class=\"wp-image-7684\"\/><\/figure>\n","protected":false},"excerpt":{"rendered":"<p>El Reportaje Especial en esta ocasi\u00f3n tiene tanta informaci\u00f3n que la hemos plasmado en formato entrevista con el reci\u00e9n electo Presidente de la C\u00e1mara Nacional de Turismo (CAMTUR) para el periodo 2022-2024 Ovidio D\u00edaz. En una charla amena, Ovidio con muchos a\u00f1os de experiencia en el turismo conversa en exclusiva con The Visitor acerca de [&hellip;]<\/p>\n","protected":false},"author":1,"featured_media":7678,"comment_status":"open","ping_status":"open","sticky":false,"template":"","format":"standard","meta":[],"categories":[33],"tags":[],"_links":{"self":[{"href":"https:\/\/www.thevisitorpanama.info\/esp\/wp-json\/wp\/v2\/posts\/6552"}],"collection":[{"href":"https:\/\/www.thevisitorpanama.info\/esp\/wp-json\/wp\/v2\/posts"}],"about":[{"href":"https:\/\/www.thevisitorpanama.info\/esp\/wp-json\/wp\/v2\/types\/post"}],"author":[{"embeddable":true,"href":"https:\/\/www.thevisitorpanama.info\/esp\/wp-json\/wp\/v2\/users\/1"}],"replies":[{"embeddable":true,"href":"https:\/\/www.thevisitorpanama.info\/esp\/wp-json\/wp\/v2\/comments?post=6552"}],"version-history":[{"count":6,"href":"https:\/\/www.thevisitorpanama.info\/esp\/wp-json\/wp\/v2\/posts\/6552\/revisions"}],"predecessor-version":[{"id":7685,"href":"https:\/\/www.thevisitorpanama.info\/esp\/wp-json\/wp\/v2\/posts\/6552\/revisions\/7685"}],"wp:featuredmedia":[{"embeddable":true,"href":"https:\/\/www.thevisitorpanama.info\/esp\/wp-json\/wp\/v2\/media\/7678"}],"wp:attachment":[{"href":"https:\/\/www.thevisitorpanama.info\/esp\/wp-json\/wp\/v2\/media?parent=6552"}],"wp:term":[{"taxonomy":"category","embeddable":true,"href":"https:\/\/www.thevisitorpanama.info\/esp\/wp-json\/wp\/v2\/categories?post=6552"},{"taxonomy":"post_tag","embeddable":true,"href":"https:\/\/www.thevisitorpanama.info\/esp\/wp-json\/wp\/v2\/tags?post=6552"}],"curies":[{"name":"wp","href":"https:\/\/api.w.org\/{rel}","templated":true}]}}