{"id":6548,"date":"2021-12-20T03:54:40","date_gmt":"2021-12-20T02:54:40","guid":{"rendered":"http:\/\/thevisitorpanama.net\/esp\/?p=6548"},"modified":"2022-03-06T00:12:46","modified_gmt":"2022-03-05T23:12:46","slug":"las-tablas-un-pueblo-que-vive-para-celebrar-su-cultura-y-compartir-bellezas-naturales-con-el-mundo","status":"publish","type":"post","link":"https:\/\/www.thevisitorpanama.info\/esp\/2021\/12\/20\/las-tablas-un-pueblo-que-vive-para-celebrar-su-cultura-y-compartir-bellezas-naturales-con-el-mundo\/","title":{"rendered":"Las Tablas, un Pueblo que Vive para Celebrar su Cultura y Compartir Bellezas Naturales con el Mundo"},"content":{"rendered":"\n<p>Las\nTablas&nbsp;es la capital de la provincia de los Santos, es el segundo\nmunicipio m\u00e1s importante de\nla pen\u00ednsula de Azuero despu\u00e9s de Chitr\u00e9. &nbsp;Un a regi\u00f3n que se dedica a la ganader\u00eda y la\nactividad agr\u00edcola e industrial, sin embargo, en lo tur\u00edstico, Las Tablas, es un lugar que\nconserva su historia colonial, iglesias, museos, parques y plazas, y en cuanto a festividades\nson los organizadores de los famosos carnavales table\u00f1os en donde se destaca el\nlujo de sus reinas, sus tunas y distinci\u00f3n, al igual que para las festividades\nreligiosas.<\/p>\n\n\n\n<figure class=\"wp-block-image\"><img decoding=\"async\" loading=\"lazy\" width=\"1024\" height=\"683\" src=\"http:\/\/www.thevisitorpanama.info\/esp\/wp-content\/uploads\/2021\/12\/img_20211220_004716735-1024x683-1.jpg\" alt=\"\" class=\"wp-image-7699\"\/><\/figure>\n\n\n\n<p><strong>M\u00e1s All\u00e1\nde las Festividades <\/strong><\/p>\n\n\n\n<p>La pandemia\nno ha permitido que su principal motor econ\u00f3mico: las festividades culturales, hayan\nsido organizadas, sin embargo, con la apertura gradual, las actividades empiezan\na regresar y los Visitantes\ntienen la oportunidad de visitar y experimentar parte de su historia y\ncultura:<\/p>\n\n\n\n<p><strong>Iglesia Santa Librada<\/strong>: Consagrada en 1789, sus paredes y\nla base del p\u00falpito en esta iglesia de estilo barroco ubicada frente\nal&nbsp;Parque Belisario&nbsp;Porras son originales, al igual que las caras\npintadas de los querubines en el altar ornamentado de hojas doradas. <\/p>\n\n\n\n<div class=\"wp-block-image\"><figure class=\"alignright is-resized\"><img decoding=\"async\" loading=\"lazy\" src=\"http:\/\/www.thevisitorpanama.info\/esp\/wp-content\/uploads\/2021\/12\/Santa_librada_de_las_Tablas-1.jpg\" alt=\"\" class=\"wp-image-7700\" width=\"237\" height=\"356\"\/><\/figure><\/div>\n\n\n\n<p><strong>Museo Belisario Porras<\/strong>: Al sur de la plaza principal se\nencuentra la antigua casa del tres veces presidente Belisario Porras, durante\ncuya administraci\u00f3n se abri\u00f3 el Canal de Panam\u00e1. El museo contiene muchos\nartefactos de la vida y los tiempos del principio de Panam\u00e1 como rep\u00fablica. <\/p>\n\n\n\n<p><strong>Los Portales<\/strong>: ubicado en un edificio colonial en\nsu \u00faltima etapa, este lugar discreto sirve carnes a la parrilla y platos\nb\u00e1sicos paname\u00f1os. En las ma\u00f1anas se puede disfrutar de sabrosos desayunos.<\/p>\n\n\n\n<figure class=\"wp-block-image\"><img decoding=\"async\" loading=\"lazy\" width=\"1024\" height=\"768\" src=\"http:\/\/www.thevisitorpanama.info\/esp\/wp-content\/uploads\/2021\/12\/img_20211220_102826535-1024x768-1.jpg\" alt=\"\" class=\"wp-image-7701\"\/><\/figure>\n\n\n\n<p><strong>Playas\npara Disfrutar del Verano<\/strong><\/p>\n\n\n\n<p>Se puede\nencontrar una gran variedad de playas en Las Tablas, pero las m\u00e1s visitadas por los\nturistas son las siguientes:<\/p>\n\n\n\n<p><strong>Playa Las Comadres<\/strong>: Es una playa c\u00e1lida y agradable,\nadecuada para ni\u00f1os. Su nombre se debe a que dos comadres estaban peleando y\npor alguna raz\u00f3n m\u00edstica se convirtieron en piedra por eso, al llegar la primera impresi\u00f3n son dos\nrocas grandes frente a frente.<\/p>\n\n\n\n<p><strong>Playa Uverito<\/strong>: La tranquila&nbsp;playa&nbsp;es muy\nagradable, sentarse en la terraza por las ma\u00f1anas mientras sopla la brisa y\ntomar una copa por la noche escuchando las olas es una experiencia \u00fanica.<\/p>\n\n\n\n<figure class=\"wp-block-image\"><img decoding=\"async\" loading=\"lazy\" width=\"1024\" height=\"768\" src=\"http:\/\/www.thevisitorpanama.info\/esp\/wp-content\/uploads\/2021\/12\/img_20211220_103348777-1024x768-1.jpg\" alt=\"\" class=\"wp-image-7702\"\/><\/figure>\n\n\n\n<p><strong>Festival\nde las Mil Polleras<\/strong><\/p>\n\n\n\n<p>Antes, Las\nTablas ten\u00eda dos eventos de gran alcance nacional: Las Patronales de Santa\nLibrada y el Carnaval, la primera celebr\u00e1ndose en el mes de julio y la segunda\nentre enero y febrero. Ahora, el Festival de las Mil Polleras que se viene\ncelebrando desde el a\u00f1o 2010 ha tomado tanta fuerza y popularidad que los miles\nde visitantes que recibe el pueblo durante esta festividad es muy similar al de\nlos otros dos eventos.<\/p>\n\n\n\n<figure class=\"wp-block-image\"><img decoding=\"async\" loading=\"lazy\" width=\"1024\" height=\"683\" src=\"http:\/\/www.thevisitorpanama.info\/esp\/wp-content\/uploads\/2021\/12\/img_20211220_004717004-1024x683-1.jpg\" alt=\"\" class=\"wp-image-7703\"\/><\/figure>\n\n\n\n<p>El Desfile\nde las Mil Polleras es un homenaje a esos grandes hombres y mujeres, en la\nelaboraci\u00f3n de cada uno de los detalles que hacen que nuestro traje t\u00edpico sea considerado\nuno de los m\u00e1s hermosos del mundo. <\/p>\n\n\n\n<figure class=\"wp-block-image\"><img decoding=\"async\" loading=\"lazy\" width=\"1024\" height=\"683\" src=\"http:\/\/www.thevisitorpanama.info\/esp\/wp-content\/uploads\/2021\/12\/img_20211220_004717141-1024x683-1.jpg\" alt=\"\" class=\"wp-image-7704\"\/><\/figure>\n\n\n\n<p>Cada segundo s\u00e1bado de enero el Desfile de las Mil Polleras se convierte en un acontecimiento folcl\u00f3rico que concentra por un d\u00eda, las tradiciones en la forma de vestir de diferentes regiones de Panam\u00e1 y reuniendo a delegaciones provenientes de todo el pa\u00eds. Es muy probable que este pr\u00f3ximo 2022 sea uno de los eventos a realizarse presencialmente, aunque de forma limitada, ya que es una actividad vital para la econom\u00eda de la regi\u00f3n generando empleos basados en la elaboraci\u00f3n y comercializaci\u00f3n de diversas prendas artesanales.<\/p>\n\n\n\n<p>Estos artistas de la artesan\u00eda son los que aportan su talento para cada versi\u00f3n del desfile. Como resultado, miles de empolleradas embellecen las calles de Las Tablas luciendo polleras de diferentes regiones.<\/p>\n\n\n\n<ul class=\"is-layout-flex wp-block-gallery-1 wp-block-gallery columns-1 is-cropped\"><li class=\"blocks-gallery-item\"><figure><img decoding=\"async\" loading=\"lazy\" width=\"1024\" height=\"683\" src=\"https:\/\/thevisitorpanama.net\/esp\/wp-content\/uploads\/2022\/03\/img_20211220_004715153-1024x683.jpg\" alt=\"\" data-id=\"7705\" data-link=\"https:\/\/thevisitorpanama.net\/esp\/2021\/12\/20\/las-tablas-un-pueblo-que-vive-para-celebrar-su-cultura-y-compartir-bellezas-naturales-con-el-mundo\/img_20211220_004715153-1024x683\/\" class=\"wp-image-7705\"\/><\/figure><\/li><li class=\"blocks-gallery-item\"><figure><img decoding=\"async\" loading=\"lazy\" width=\"1024\" height=\"683\" src=\"https:\/\/thevisitorpanama.net\/esp\/wp-content\/uploads\/2022\/03\/img_20211220_004714257-1024x683.jpg\" alt=\"\" data-id=\"7706\" data-link=\"https:\/\/thevisitorpanama.net\/esp\/2021\/12\/20\/las-tablas-un-pueblo-que-vive-para-celebrar-su-cultura-y-compartir-bellezas-naturales-con-el-mundo\/img_20211220_004714257-1024x683\/\" class=\"wp-image-7706\"\/><\/figure><\/li><\/ul>\n\n\n\n<p><\/p>\n","protected":false},"excerpt":{"rendered":"<p>Las Tablas&nbsp;es la capital de la provincia de los Santos, es el segundo municipio m\u00e1s importante de la pen\u00ednsula de Azuero despu\u00e9s de Chitr\u00e9. &nbsp;Un a regi\u00f3n que se dedica a la ganader\u00eda y la actividad agr\u00edcola e industrial, sin embargo, en lo tur\u00edstico, Las Tablas, es un lugar que conserva su historia colonial, iglesias, [&hellip;]<\/p>\n","protected":false},"author":1,"featured_media":7698,"comment_status":"open","ping_status":"open","sticky":false,"template":"","format":"standard","meta":[],"categories":[30],"tags":[],"_links":{"self":[{"href":"https:\/\/www.thevisitorpanama.info\/esp\/wp-json\/wp\/v2\/posts\/6548"}],"collection":[{"href":"https:\/\/www.thevisitorpanama.info\/esp\/wp-json\/wp\/v2\/posts"}],"about":[{"href":"https:\/\/www.thevisitorpanama.info\/esp\/wp-json\/wp\/v2\/types\/post"}],"author":[{"embeddable":true,"href":"https:\/\/www.thevisitorpanama.info\/esp\/wp-json\/wp\/v2\/users\/1"}],"replies":[{"embeddable":true,"href":"https:\/\/www.thevisitorpanama.info\/esp\/wp-json\/wp\/v2\/comments?post=6548"}],"version-history":[{"count":3,"href":"https:\/\/www.thevisitorpanama.info\/esp\/wp-json\/wp\/v2\/posts\/6548\/revisions"}],"predecessor-version":[{"id":7707,"href":"https:\/\/www.thevisitorpanama.info\/esp\/wp-json\/wp\/v2\/posts\/6548\/revisions\/7707"}],"wp:featuredmedia":[{"embeddable":true,"href":"https:\/\/www.thevisitorpanama.info\/esp\/wp-json\/wp\/v2\/media\/7698"}],"wp:attachment":[{"href":"https:\/\/www.thevisitorpanama.info\/esp\/wp-json\/wp\/v2\/media?parent=6548"}],"wp:term":[{"taxonomy":"category","embeddable":true,"href":"https:\/\/www.thevisitorpanama.info\/esp\/wp-json\/wp\/v2\/categories?post=6548"},{"taxonomy":"post_tag","embeddable":true,"href":"https:\/\/www.thevisitorpanama.info\/esp\/wp-json\/wp\/v2\/tags?post=6548"}],"curies":[{"name":"wp","href":"https:\/\/api.w.org\/{rel}","templated":true}]}}