{"id":6348,"date":"2021-11-25T03:48:36","date_gmt":"2021-11-25T02:48:36","guid":{"rendered":"http:\/\/thevisitorpanama.net\/esp\/?p=6348"},"modified":"2022-03-06T02:31:29","modified_gmt":"2022-03-06T01:31:29","slug":"pelicula-panamena-plaza-catedral-abrira-el-festival-internacional-de-panama-en-diciembre","status":"publish","type":"post","link":"https:\/\/www.thevisitorpanama.info\/esp\/2021\/11\/25\/pelicula-panamena-plaza-catedral-abrira-el-festival-internacional-de-panama-en-diciembre\/","title":{"rendered":"Pel\u00edcula Paname\u00f1a &#8220;Plaza Catedral&#8221; de Abner Benaim Abrir\u00e1 el Festival Internacional de Panam\u00e1"},"content":{"rendered":"\n<p>El Festival Internacional de Cine de Panam\u00e1, anunci\u00f3 que por primera vez en la historia del IFF Panam\u00e1, una pel\u00edcula paname\u00f1a ser\u00e1 proyectada en la gala de apertura; &#8220;Plaza Catedral&#8221; de Abner Benaim, fue el film elegido para abrir este prestigioso evento de la cinematograf\u00eda.<\/p>\n\n\n\n<p>Del 3 al 5 de\ndiciembre de 2021, el IFF Panam\u00e1 conmemora 10 a\u00f1os de ser la plataforma de\ndifusi\u00f3n e integraci\u00f3n para el cine en Centroam\u00e9rica y el Caribe, en esta\nocasi\u00f3n La Manzana en el Barrio de Santa Ana, ser\u00e1 el spot para disfrutar las\nproyecciones y programas de formaci\u00f3n.<\/p>\n","protected":false},"excerpt":{"rendered":"<p>El Festival Internacional de Cine de Panam\u00e1, anunci\u00f3 que por primera vez en la historia del IFF Panam\u00e1, una pel\u00edcula paname\u00f1a ser\u00e1 proyectada en la gala de apertura; &#8220;Plaza Catedral&#8221; de Abner Benaim, fue el film elegido para abrir este prestigioso evento de la cinematograf\u00eda. Del 3 al 5 de diciembre de 2021, el IFF [&hellip;]<\/p>\n","protected":false},"author":1,"featured_media":7784,"comment_status":"open","ping_status":"open","sticky":false,"template":"","format":"standard","meta":[],"categories":[44],"tags":[],"_links":{"self":[{"href":"https:\/\/www.thevisitorpanama.info\/esp\/wp-json\/wp\/v2\/posts\/6348"}],"collection":[{"href":"https:\/\/www.thevisitorpanama.info\/esp\/wp-json\/wp\/v2\/posts"}],"about":[{"href":"https:\/\/www.thevisitorpanama.info\/esp\/wp-json\/wp\/v2\/types\/post"}],"author":[{"embeddable":true,"href":"https:\/\/www.thevisitorpanama.info\/esp\/wp-json\/wp\/v2\/users\/1"}],"replies":[{"embeddable":true,"href":"https:\/\/www.thevisitorpanama.info\/esp\/wp-json\/wp\/v2\/comments?post=6348"}],"version-history":[{"count":3,"href":"https:\/\/www.thevisitorpanama.info\/esp\/wp-json\/wp\/v2\/posts\/6348\/revisions"}],"predecessor-version":[{"id":6519,"href":"https:\/\/www.thevisitorpanama.info\/esp\/wp-json\/wp\/v2\/posts\/6348\/revisions\/6519"}],"wp:featuredmedia":[{"embeddable":true,"href":"https:\/\/www.thevisitorpanama.info\/esp\/wp-json\/wp\/v2\/media\/7784"}],"wp:attachment":[{"href":"https:\/\/www.thevisitorpanama.info\/esp\/wp-json\/wp\/v2\/media?parent=6348"}],"wp:term":[{"taxonomy":"category","embeddable":true,"href":"https:\/\/www.thevisitorpanama.info\/esp\/wp-json\/wp\/v2\/categories?post=6348"},{"taxonomy":"post_tag","embeddable":true,"href":"https:\/\/www.thevisitorpanama.info\/esp\/wp-json\/wp\/v2\/tags?post=6348"}],"curies":[{"name":"wp","href":"https:\/\/api.w.org\/{rel}","templated":true}]}}