{"id":6285,"date":"2021-11-18T21:40:41","date_gmt":"2021-11-18T20:40:41","guid":{"rendered":"http:\/\/thevisitorpanama.net\/esp\/?p=6285"},"modified":"2022-03-06T03:12:11","modified_gmt":"2022-03-06T02:12:11","slug":"ruben-blades-es-homenajeado-en-las-vegas-previo-a-la-entrega-de-los-premios-grammy-latino","status":"publish","type":"post","link":"https:\/\/www.thevisitorpanama.info\/esp\/2021\/11\/18\/ruben-blades-es-homenajeado-en-las-vegas-previo-a-la-entrega-de-los-premios-grammy-latino\/","title":{"rendered":"Rub\u00e9n Blades es Homenajeado en Las Vegas previo a la Entrega de los Premios Grammy Latino"},"content":{"rendered":"\n<p>Las estrellas de la m\u00fasica latina homenajearon la noche del mi\u00e9rcoles en Las Vegas al salsero paname\u00f1o Rub\u00e9n Blades, galardonado como la Persona del A\u00f1o de la 22a edici\u00f3n de los premios Grammy Latino.<\/p>\n\n\n\n<p>El tributo se realiz\u00f3 la v\u00edspera de la entrega de los gram\u00f3fonos dorados el jueves, cuando la mayor fiesta estadounidense de la m\u00fasica en espa\u00f1ol y portugu\u00e9s regresa a su formato presencial tras el impasse de la pandemia.<\/p>\n\n\n\n<p>\u201cAqu\u00ed estoy m\u00e1s que todo para agradecer, esto no es una ocasi\u00f3n de celebraci\u00f3n para m\u00ed nada m\u00e1s. Yo no estar\u00eda aqu\u00ed si no hubiese sido por mucha gente que me ayud\u00f3 a estar aqu\u00ed\u201d, dijo Blades al llegar a la alfombra roja este mi\u00e9rcoles.<\/p>\n\n\n\n<p>Blades, quien el a\u00f1o pasado no se acogi\u00f3 su reconocimiento producto de la situacion con la crisis sanitaria pandemia, esta vez recibir\u00e1 la estatuilla por su compromiso constante en la lucha por la justicia social y por promover cambios positivos y significativos en las comunidades latinas.\u201cRub\u00e9n Blades es un artista verdaderamente ic\u00f3nico que ha inspirado a varias generaciones con letras potentes e inteligentes, y cuya genialidad ha defendido la justicia en todos los niveles de la sociedad\u201d, expres\u00f3 Gabriel Abaroa Jr., presidente de la Academia Latina de la Grabaci\u00f3n.Tras el anuncio de su nominaci\u00f3n en junio del presente a\u00f1o, Blades agradeci\u00f3 a trav\u00e9s de un comunicado expresando lo siguiente: \u201cEl \u00e9xito nunca es producto del esfuerzo de un solo individuo, sino la consecuencia de muchas contribuciones.<\/p>\n\n\n\n<p>El m\u00fasico, actor y activista paname\u00f1o ha trascendido con sus letras que han impactado a toda una generaci\u00f3n como &#8216;Amor y control&#8217;, &#8216;Pedro navaja&#8217;, &#8216;Decisiones&#8217;, &#8216;Pablo pueblo&#8217;, &#8216;Pl\u00e1stico&#8217; entre otras.<\/p>\n","protected":false},"excerpt":{"rendered":"<p>Las estrellas de la m\u00fasica latina homenajearon la noche del mi\u00e9rcoles en Las Vegas al salsero paname\u00f1o Rub\u00e9n Blades, galardonado como la Persona del A\u00f1o de la 22a edici\u00f3n de los premios Grammy Latino. El tributo se realiz\u00f3 la v\u00edspera de la entrega de los gram\u00f3fonos dorados el jueves, cuando la mayor fiesta estadounidense de [&hellip;]<\/p>\n","protected":false},"author":1,"featured_media":7833,"comment_status":"open","ping_status":"open","sticky":false,"template":"","format":"standard","meta":[],"categories":[42],"tags":[],"_links":{"self":[{"href":"https:\/\/www.thevisitorpanama.info\/esp\/wp-json\/wp\/v2\/posts\/6285"}],"collection":[{"href":"https:\/\/www.thevisitorpanama.info\/esp\/wp-json\/wp\/v2\/posts"}],"about":[{"href":"https:\/\/www.thevisitorpanama.info\/esp\/wp-json\/wp\/v2\/types\/post"}],"author":[{"embeddable":true,"href":"https:\/\/www.thevisitorpanama.info\/esp\/wp-json\/wp\/v2\/users\/1"}],"replies":[{"embeddable":true,"href":"https:\/\/www.thevisitorpanama.info\/esp\/wp-json\/wp\/v2\/comments?post=6285"}],"version-history":[{"count":1,"href":"https:\/\/www.thevisitorpanama.info\/esp\/wp-json\/wp\/v2\/posts\/6285\/revisions"}],"predecessor-version":[{"id":6286,"href":"https:\/\/www.thevisitorpanama.info\/esp\/wp-json\/wp\/v2\/posts\/6285\/revisions\/6286"}],"wp:featuredmedia":[{"embeddable":true,"href":"https:\/\/www.thevisitorpanama.info\/esp\/wp-json\/wp\/v2\/media\/7833"}],"wp:attachment":[{"href":"https:\/\/www.thevisitorpanama.info\/esp\/wp-json\/wp\/v2\/media?parent=6285"}],"wp:term":[{"taxonomy":"category","embeddable":true,"href":"https:\/\/www.thevisitorpanama.info\/esp\/wp-json\/wp\/v2\/categories?post=6285"},{"taxonomy":"post_tag","embeddable":true,"href":"https:\/\/www.thevisitorpanama.info\/esp\/wp-json\/wp\/v2\/tags?post=6285"}],"curies":[{"name":"wp","href":"https:\/\/api.w.org\/{rel}","templated":true}]}}