{"id":6249,"date":"2021-11-10T05:21:56","date_gmt":"2021-11-10T04:21:56","guid":{"rendered":"http:\/\/thevisitorpanama.net\/esp\/?p=6249"},"modified":"2022-11-10T11:19:22","modified_gmt":"2022-11-10T16:19:22","slug":"hoy-celebramos-200-anos-del-primer-grito-de-independencia-de-espana-en-la-villa-de-los-santos","status":"publish","type":"post","link":"https:\/\/www.thevisitorpanama.info\/esp\/2021\/11\/10\/hoy-celebramos-200-anos-del-primer-grito-de-independencia-de-espana-en-la-villa-de-los-santos\/","title":{"rendered":"Hoy Celebramos 201 A\u00f1os del Primer Grito de Independencia de Espa\u00f1a"},"content":{"rendered":"\n<p>El 10 de noviembre de 1821 est\u00e1 constituido, para los paname\u00f1os, como el d\u00eda en el que se inici\u00f3 su liberaci\u00f3n del yugo espa\u00f1ol, que manten\u00eda a los nacionales bajo una situaci\u00f3n esclavizante.<\/p>\n\n\n\n<p>Ese d\u00eda se inici\u00f3 la gesta patri\u00f3tica en La Villa de Los Santos, encabezada por Rufina Alfaro y Segundo Villarreal, a la que muchas otras ciudades se unieron y que 18 d\u00edas despu\u00e9s logr\u00f3 a la postre la Independencia de Panam\u00e1 de Espa\u00f1a un 28 de noviembre de 1821<\/p>\n\n\n\n<p>Viva la libertad!&#8221; Este Primer Grito de Independencia definir\u00eda los planes de los paname\u00f1os y dar\u00eda valor a su identidad, ante el nacimiento de un nuevo pa\u00eds. <\/p>\n\n\n\n<p>Seg\u00fan una investigaci\u00f3n realizada por Alfredo Castillero Calvo y planteada en su ensayo &#8220;1821 la Independencia de Panam\u00e1 de Espa\u00f1a, factores coyunturales y estructurales en la capital y en el interior&#8221; plantea que el grito de La Villa &#8220;surge motivado por profundos resortes materiales derivados del estancamiento comercial que en la ruta de tr\u00e1nsito se hab\u00eda empezado a experimentar en los \u00faltimos a\u00f1os&#8221;. <\/p>\n\n\n\n<p>Mientras que la aparici\u00f3n de Rufina Alfaro en esta acci\u00f3n libertaria la plasma el escritor Horacio Moreno en la Revista Loter\u00eda #28 de febrero de 1975, se\u00f1alando que una joven de 22 a\u00f1os, nacida en el caser\u00edo de Las Pe\u00f1as de Los Santos, es fundamental en la estrategia que se arm\u00f3 para destruir la fortaleza cuartelaria espa\u00f1ola.<\/p>\n\n\n\n<p>Alfaro, seg\u00fan el escritor, visitaba el cuartel habitualmente para vender productos tra\u00eddos del campo y esto le permiti\u00f3 suministrar vital informaci\u00f3n a los istme\u00f1os que apoyaban el movimiento libertario. Incluso les indic\u00f3 d\u00f3nde se encontraban las armas de los espa\u00f1oles.<\/p>\n\n\n\n<p>Los revolucionarios de La Villa, armados con palos y piedras, avanzaron y se tomaron el cuartel.<\/p>\n","protected":false},"excerpt":{"rendered":"<p>El 10 de noviembre de 1821 est\u00e1 constituido, para los paname\u00f1os, como el d\u00eda en el que se inici\u00f3 su liberaci\u00f3n del yugo espa\u00f1ol, que manten\u00eda a los nacionales bajo una situaci\u00f3n esclavizante. Ese d\u00eda se inici\u00f3 la gesta patri\u00f3tica en La Villa de Los Santos, encabezada por Rufina Alfaro y Segundo Villarreal, a la [&hellip;]<\/p>\n","protected":false},"author":1,"featured_media":7843,"comment_status":"open","ping_status":"open","sticky":false,"template":"","format":"standard","meta":[],"categories":[31],"tags":[],"_links":{"self":[{"href":"https:\/\/www.thevisitorpanama.info\/esp\/wp-json\/wp\/v2\/posts\/6249"}],"collection":[{"href":"https:\/\/www.thevisitorpanama.info\/esp\/wp-json\/wp\/v2\/posts"}],"about":[{"href":"https:\/\/www.thevisitorpanama.info\/esp\/wp-json\/wp\/v2\/types\/post"}],"author":[{"embeddable":true,"href":"https:\/\/www.thevisitorpanama.info\/esp\/wp-json\/wp\/v2\/users\/1"}],"replies":[{"embeddable":true,"href":"https:\/\/www.thevisitorpanama.info\/esp\/wp-json\/wp\/v2\/comments?post=6249"}],"version-history":[{"count":3,"href":"https:\/\/www.thevisitorpanama.info\/esp\/wp-json\/wp\/v2\/posts\/6249\/revisions"}],"predecessor-version":[{"id":12261,"href":"https:\/\/www.thevisitorpanama.info\/esp\/wp-json\/wp\/v2\/posts\/6249\/revisions\/12261"}],"wp:featuredmedia":[{"embeddable":true,"href":"https:\/\/www.thevisitorpanama.info\/esp\/wp-json\/wp\/v2\/media\/7843"}],"wp:attachment":[{"href":"https:\/\/www.thevisitorpanama.info\/esp\/wp-json\/wp\/v2\/media?parent=6249"}],"wp:term":[{"taxonomy":"category","embeddable":true,"href":"https:\/\/www.thevisitorpanama.info\/esp\/wp-json\/wp\/v2\/categories?post=6249"},{"taxonomy":"post_tag","embeddable":true,"href":"https:\/\/www.thevisitorpanama.info\/esp\/wp-json\/wp\/v2\/tags?post=6249"}],"curies":[{"name":"wp","href":"https:\/\/api.w.org\/{rel}","templated":true}]}}