{"id":6226,"date":"2021-11-06T01:53:30","date_gmt":"2021-11-06T00:53:30","guid":{"rendered":"http:\/\/thevisitorpanama.net\/esp\/?p=6226"},"modified":"2022-03-06T03:25:55","modified_gmt":"2022-03-06T02:25:55","slug":"la-disenadora-franco-panamena-helene-breebaart-fallece-dejando-un-legado-en-la-moda","status":"publish","type":"post","link":"https:\/\/www.thevisitorpanama.info\/esp\/2021\/11\/06\/la-disenadora-franco-panamena-helene-breebaart-fallece-dejando-un-legado-en-la-moda\/","title":{"rendered":"La Dise\u00f1adora Franco-Paname\u00f1a H\u00e9lene Breebaart Fallece Dejando un Legado en la Moda"},"content":{"rendered":"\n<p>La dise\u00f1adora de moda H\u00e9lene Breebaart, de origen franc\u00e9s y paname\u00f1a de coraz\u00f3n,  particip\u00f3 en nuestra edici\u00f3n de septiembre en el 2019, falleci\u00f3 hoy 5 de noviembre. H\u00e9lene fue una de las m\u00e1s importantes embajadoras  de la moda en nuestro pa\u00eds y clave en el posicionamiento de nuestra marca pais en el extranjero, desarrollando un gran arraigo por nuestro suelo istme\u00f1o, y quien desde su infancia se inclin\u00f3 hacia la confecci\u00f3n de piezas \u00fanicas para vestir y la pintura en acuarela. <\/p>\n\n\n\n<p>Desde su primer contacto con Panam\u00e1, encontr\u00f3 un nicho donde hab\u00eda mucho que hacer en cuanto arte y moda. En sus viajes a Guna Yala se enamor\u00f3 de las molas, llegando a crear como primer dise\u00f1o, una Pi\u00f1a, tuvo tanta aceptaci\u00f3n a finales de los 80 que se convirti\u00f3 en su marca personal que ha vestido a personalidades locales y extranjeras, reinas de bellezas, hasta la ex Primera Dama de los Estados Unidos, Rosalynn Carter, en una de sus apariciones junto a su esposo en Panam\u00e1.<\/p>\n\n\n\n<p>Su trabajo adem\u00e1s del reconocimiento p\u00fablico, era aplaudido internacionalmente. Precisamente por eso, en 2019 Helene Breebaart recibi\u00f3 la conderaci\u00f3n de \u201cChevalier de l\u2019Ordre des Arts et des Lettres\u201d (Caballero del Orden de las Artes y las Letras) otorgado por el Ministerio de Cultura de Francia. La medalla fue entregada por la Embajada de Francia en Panam\u00e1.<\/p>\n\n\n\n<p>La sede diplom\u00e1tica de Francia en Panam\u00e1 tambi\u00e9n expres\u00f3 su pesar por el fallecimiento de Helene Breebaart.<\/p>\n\n\n\n<p>Gracias H\u00e9lene por tu cari\u00f1o y tu gran legado en la moda paname\u00f1a e internacional. <\/p>\n","protected":false},"excerpt":{"rendered":"<p>La dise\u00f1adora de moda H\u00e9lene Breebaart, de origen franc\u00e9s y paname\u00f1a de coraz\u00f3n, particip\u00f3 en nuestra edici\u00f3n de septiembre en el 2019, falleci\u00f3 hoy 5 de noviembre. H\u00e9lene fue una de las m\u00e1s importantes embajadoras de la moda en nuestro pa\u00eds y clave en el posicionamiento de nuestra marca pais en el extranjero, desarrollando un [&hellip;]<\/p>\n","protected":false},"author":1,"featured_media":7847,"comment_status":"open","ping_status":"open","sticky":false,"template":"","format":"standard","meta":[],"categories":[44],"tags":[],"_links":{"self":[{"href":"https:\/\/www.thevisitorpanama.info\/esp\/wp-json\/wp\/v2\/posts\/6226"}],"collection":[{"href":"https:\/\/www.thevisitorpanama.info\/esp\/wp-json\/wp\/v2\/posts"}],"about":[{"href":"https:\/\/www.thevisitorpanama.info\/esp\/wp-json\/wp\/v2\/types\/post"}],"author":[{"embeddable":true,"href":"https:\/\/www.thevisitorpanama.info\/esp\/wp-json\/wp\/v2\/users\/1"}],"replies":[{"embeddable":true,"href":"https:\/\/www.thevisitorpanama.info\/esp\/wp-json\/wp\/v2\/comments?post=6226"}],"version-history":[{"count":6,"href":"https:\/\/www.thevisitorpanama.info\/esp\/wp-json\/wp\/v2\/posts\/6226\/revisions"}],"predecessor-version":[{"id":6234,"href":"https:\/\/www.thevisitorpanama.info\/esp\/wp-json\/wp\/v2\/posts\/6226\/revisions\/6234"}],"wp:featuredmedia":[{"embeddable":true,"href":"https:\/\/www.thevisitorpanama.info\/esp\/wp-json\/wp\/v2\/media\/7847"}],"wp:attachment":[{"href":"https:\/\/www.thevisitorpanama.info\/esp\/wp-json\/wp\/v2\/media?parent=6226"}],"wp:term":[{"taxonomy":"category","embeddable":true,"href":"https:\/\/www.thevisitorpanama.info\/esp\/wp-json\/wp\/v2\/categories?post=6226"},{"taxonomy":"post_tag","embeddable":true,"href":"https:\/\/www.thevisitorpanama.info\/esp\/wp-json\/wp\/v2\/tags?post=6226"}],"curies":[{"name":"wp","href":"https:\/\/api.w.org\/{rel}","templated":true}]}}