{"id":6220,"date":"2025-11-05T12:00:09","date_gmt":"2025-11-05T17:00:09","guid":{"rendered":"http:\/\/thevisitorpanama.net\/esp\/?p=6220"},"modified":"2025-11-05T12:28:51","modified_gmt":"2025-11-05T17:28:51","slug":"hoy-5-se-celebran-las-acciones-en-colon-que-oficializan-nuestra-separacion-de-colombia","status":"publish","type":"post","link":"https:\/\/www.thevisitorpanama.info\/esp\/2025\/11\/05\/hoy-5-se-celebran-las-acciones-en-colon-que-oficializan-nuestra-separacion-de-colombia\/","title":{"rendered":"Hoy Todo el Pa\u00eds Celebra las Acciones en Col\u00f3n que Marcaron la Separaci\u00f3n de Panam\u00e1 de Colombia"},"content":{"rendered":"\n<p>Hoy 5 de noviembre, todo Panam\u00e1 agradece y conmemora las acciones realizadas por aquellos hombres y mujeres de la provincia de Col\u00f3n que lograron concretizar de forma oficial la finalizaci\u00f3n de los lazos que un\u00edan a Panam\u00e1 con Colombia.<\/p>\n\n\n\n<p>Es un d\u00eda para exaltar a personas como Porfirio Mel\u00e9ndez, Carlos Clemant, entre otros, y mujeres como Aminta Mel\u00e9ndez; quienes jugaron un rol fundamental en la gesta separatista.<\/p>\n\n\n\n<p>Son 118 a\u00f1os de aquel suceso hist\u00f3rico y que nos consolido como un pa\u00eds libre y soberano, acciones realizadas que fueron vitales para la finalizaci\u00f3n de los lazos con la gran Colombia.<\/p>\n\n\n\n<p>Seg\u00fan la histograf\u00eda nacional, mientras que en la ciudad de Panam\u00e1 celebraban la separaci\u00f3n, en Col\u00f3n se encontraba un peque\u00f1o ej\u00e9rcito de aproximadamente 500 soldados colombianos que conformaban el Batall\u00f3n de Tiradores comandado por el coronel Eliseo Torres.<\/p>\n\n\n\n<p>Hab\u00edan arribado a la bah\u00eda de Col\u00f3n a ra\u00edz de un rumor que circul\u00f3 en Colombia sobre una supuesta invasi\u00f3n nicarag\u00fcense a trav\u00e9s de la Costa Atl\u00e1ntica.<\/p>\n\n\n\n<p>Don Porfirio Mel\u00e9ndez, un comerciante colonense de la \u00e9poca, intermedi\u00f3 con los soldados colombianos dici\u00e9ndoles que los rumores de una invasi\u00f3n nicarag\u00fcense eran falsos y que en ciudad de Panam\u00e1 hab\u00eda plena tranquilidad, por lo que los inst\u00f3 a regresar a Barranquilla.<\/p>\n\n\n\n<p>El 5 de noviembre de 1903, Juan Antonio Henr\u00edquez, miembro de la Junta Revolucionaria de Col\u00f3n, envi\u00f3 a Panam\u00e1 un telegrama que se\u00f1alaba lo siguiente: \u201cSolo ahora, 7:30 p.m., puede decirse que la separaci\u00f3n de Panam\u00e1 est\u00e1 asegurada\u201d.<\/p>\n\n\n\n<p>Este crucial hecho dio por sellada la hist\u00f3rica gesta separatista de Panam\u00e1 de Colombia, que fue declarada el 3 de noviembre de ese mismo a\u00f1o.<\/p>\n","protected":false},"excerpt":{"rendered":"<p>Hoy 5 de noviembre, todo Panam\u00e1 agradece y conmemora las acciones realizadas por aquellos hombres y mujeres de la provincia de Col\u00f3n que lograron concretizar de forma oficial la finalizaci\u00f3n de los lazos que un\u00edan a Panam\u00e1 con Colombia. Es un d\u00eda para exaltar a personas como Porfirio Mel\u00e9ndez, Carlos Clemant, entre otros, y mujeres [&hellip;]<\/p>\n","protected":false},"author":1,"featured_media":7846,"comment_status":"open","ping_status":"open","sticky":false,"template":"","format":"standard","meta":[],"categories":[31],"tags":[],"_links":{"self":[{"href":"https:\/\/www.thevisitorpanama.info\/esp\/wp-json\/wp\/v2\/posts\/6220"}],"collection":[{"href":"https:\/\/www.thevisitorpanama.info\/esp\/wp-json\/wp\/v2\/posts"}],"about":[{"href":"https:\/\/www.thevisitorpanama.info\/esp\/wp-json\/wp\/v2\/types\/post"}],"author":[{"embeddable":true,"href":"https:\/\/www.thevisitorpanama.info\/esp\/wp-json\/wp\/v2\/users\/1"}],"replies":[{"embeddable":true,"href":"https:\/\/www.thevisitorpanama.info\/esp\/wp-json\/wp\/v2\/comments?post=6220"}],"version-history":[{"count":4,"href":"https:\/\/www.thevisitorpanama.info\/esp\/wp-json\/wp\/v2\/posts\/6220\/revisions"}],"predecessor-version":[{"id":19688,"href":"https:\/\/www.thevisitorpanama.info\/esp\/wp-json\/wp\/v2\/posts\/6220\/revisions\/19688"}],"wp:featuredmedia":[{"embeddable":true,"href":"https:\/\/www.thevisitorpanama.info\/esp\/wp-json\/wp\/v2\/media\/7846"}],"wp:attachment":[{"href":"https:\/\/www.thevisitorpanama.info\/esp\/wp-json\/wp\/v2\/media?parent=6220"}],"wp:term":[{"taxonomy":"category","embeddable":true,"href":"https:\/\/www.thevisitorpanama.info\/esp\/wp-json\/wp\/v2\/categories?post=6220"},{"taxonomy":"post_tag","embeddable":true,"href":"https:\/\/www.thevisitorpanama.info\/esp\/wp-json\/wp\/v2\/tags?post=6220"}],"curies":[{"name":"wp","href":"https:\/\/api.w.org\/{rel}","templated":true}]}}