{"id":6199,"date":"2021-11-01T23:59:51","date_gmt":"2021-11-01T22:59:51","guid":{"rendered":"http:\/\/thevisitorpanama.net\/esp\/?p=6199"},"modified":"2022-03-06T17:00:02","modified_gmt":"2022-03-06T16:00:02","slug":"6199","status":"publish","type":"post","link":"https:\/\/www.thevisitorpanama.info\/esp\/2021\/11\/01\/6199\/","title":{"rendered":"Ferias en el 2022 podr\u00e1n Generar $154.7 Millones a la Econom\u00eda Nacional"},"content":{"rendered":"\n<p>Las primeras cuatro actividades aprobadas, por el momento, como parte de la reactivaci\u00f3n econ\u00f3mica son: Feria de las Flores y del Caf\u00e9, en Boquete, del 13 al 23 de enero; Feria Internacional de La Chorrera, del 26 de enero al 6 de febrero; Feria Internacional de San Jos\u00e9 de David, del 10 al 20 de marzo; y la Feria Internacional de Azuero, del 21 de abril al 1 de mayo.<\/p>\n\n\n\n<p>Con estas actividades se busca apoyar a comerciantes, proyectando beneficios econ\u00f3micos por el orden de B\/. 154,785,000, en&nbsp;estas regiones del pa\u00eds.<\/p>\n\n\n\n<p>Luego del anuncio dado por el presidente de la Rep\u00fablica, Laurentino Cortizo Cohen, acerca del reinicio de las actividades feriales para el a\u00f1o 2022, se design\u00f3 a la Secretar\u00eda Ejecutiva del Gabinete Tur\u00edstico, en conjunto con una mesa de trabajo interinstitucional, para la evaluaci\u00f3n y presentaci\u00f3n de las recomendaciones para la reapertura cumpliendo con todos los protocolos sanitarios, a fin de garantizar la bioseguridad de los asistentes y expositores. Las recomendaciones se dar\u00e1n&nbsp; a conocer tan&nbsp; pronto se aprueben..<\/p>\n\n\n\n<p>El pasado jueves 21 de octubre se instal\u00f3 la mesa de trabajo interinstitucional conformada por el Ministerio de Desarrollo Agropecuario, Ministerio de Salud, Ministerio de Seguridad P\u00fablica, Ministerio de Comercio e Industrias, Ministerio de Cultura, Autoridad de Turismo, Autoridad para la Innovaci\u00f3n Gubernamental, Benem\u00e9rito Cuerpo de Bomberos, Sistema Nacional de Protecci\u00f3n Civil, Secretar\u00eda de Seguimiento a la Ejecuci\u00f3n y Cumplimiento, Secretar\u00eda de Asuntos Sociales y&nbsp; la Secretar\u00eda de Gabinete Tur\u00edstico.<\/p>\n\n\n\n<p>Posterior a la conformaci\u00f3n de la mesa de trabajo, el Gabinete Tur\u00edstico y otras instituciones se trasladaron al distrito de Boquete, donde el secretario ejecutivo del Gabinete Tur\u00edstico, Samir Gozaine, en representaci\u00f3n del Ministerio de la Presidencia, inform\u00f3 a los representantes<\/p>\n","protected":false},"excerpt":{"rendered":"<p>Las primeras cuatro actividades aprobadas, por el momento, como parte de la reactivaci\u00f3n econ\u00f3mica son: Feria de las Flores y del Caf\u00e9, en Boquete, del 13 al 23 de enero; Feria Internacional de La Chorrera, del 26 de enero al 6 de febrero; Feria Internacional de San Jos\u00e9 de David, del 10 al 20 de [&hellip;]<\/p>\n","protected":false},"author":1,"featured_media":7849,"comment_status":"open","ping_status":"open","sticky":false,"template":"","format":"standard","meta":[],"categories":[44],"tags":[],"_links":{"self":[{"href":"https:\/\/www.thevisitorpanama.info\/esp\/wp-json\/wp\/v2\/posts\/6199"}],"collection":[{"href":"https:\/\/www.thevisitorpanama.info\/esp\/wp-json\/wp\/v2\/posts"}],"about":[{"href":"https:\/\/www.thevisitorpanama.info\/esp\/wp-json\/wp\/v2\/types\/post"}],"author":[{"embeddable":true,"href":"https:\/\/www.thevisitorpanama.info\/esp\/wp-json\/wp\/v2\/users\/1"}],"replies":[{"embeddable":true,"href":"https:\/\/www.thevisitorpanama.info\/esp\/wp-json\/wp\/v2\/comments?post=6199"}],"version-history":[{"count":2,"href":"https:\/\/www.thevisitorpanama.info\/esp\/wp-json\/wp\/v2\/posts\/6199\/revisions"}],"predecessor-version":[{"id":6201,"href":"https:\/\/www.thevisitorpanama.info\/esp\/wp-json\/wp\/v2\/posts\/6199\/revisions\/6201"}],"wp:featuredmedia":[{"embeddable":true,"href":"https:\/\/www.thevisitorpanama.info\/esp\/wp-json\/wp\/v2\/media\/7849"}],"wp:attachment":[{"href":"https:\/\/www.thevisitorpanama.info\/esp\/wp-json\/wp\/v2\/media?parent=6199"}],"wp:term":[{"taxonomy":"category","embeddable":true,"href":"https:\/\/www.thevisitorpanama.info\/esp\/wp-json\/wp\/v2\/categories?post=6199"},{"taxonomy":"post_tag","embeddable":true,"href":"https:\/\/www.thevisitorpanama.info\/esp\/wp-json\/wp\/v2\/tags?post=6199"}],"curies":[{"name":"wp","href":"https:\/\/api.w.org\/{rel}","templated":true}]}}