{"id":6072,"date":"2021-10-24T20:12:42","date_gmt":"2021-10-24T18:12:42","guid":{"rendered":"http:\/\/thevisitorpanama.net\/esp\/?p=6072"},"modified":"2022-03-06T17:59:14","modified_gmt":"2022-03-06T16:59:14","slug":"uso-de-la-mascarilla-en-tiempos-post-pandemia","status":"publish","type":"post","link":"https:\/\/www.thevisitorpanama.info\/esp\/2021\/10\/24\/uso-de-la-mascarilla-en-tiempos-post-pandemia\/","title":{"rendered":"Uso de la Mascarilla en Tiempos Post Pandemia"},"content":{"rendered":"\n<p>En nuestro pa\u00eds, el proceso de vacunaci\u00f3n contra el Covid-19 tiene un avance\npor encima del 70% y se viene intensificando para llegar pronto a lograr la tan esperada\ninmunidad de reba\u00f1o. Sin\nembargo, las variantes Delta y Mu han entrado al pa\u00eds, y la ciencia las ha identificado como\naltamente virales. <\/p>\n\n\n\n<p><strong>La Gran\nPregunta<\/strong><\/p>\n\n\n\n<p>Muchas\npersonas se preguntan, que\ns\u00ed al alcanzar la famosa inmunidad, la poblaci\u00f3n todav\u00eda tiene que usar\nmascarilla. &nbsp;Todo indica que la poblaci\u00f3n\nseguir\u00e1 us\u00e1ndola, ya que, aunque la vacunaci\u00f3n se ha realizado con Pfizer y\nAztraseneca, altamente eficaces para evitar s\u00edntomas graves o la hospitalizaci\u00f3n, se continuar\u00e1\nprotegiendo a la poblaci\u00f3n mas vulnerable para que no sea expuesta a las nuevas\nvariantes. Este es el motivo por la que empez\u00f3 la vacunaci\u00f3n de la tercera\ndosis.<\/p>\n\n\n\n<figure class=\"wp-block-image\"><img decoding=\"async\" loading=\"lazy\" width=\"1024\" height=\"683\" src=\"http:\/\/www.thevisitorpanama.info\/esp\/wp-content\/uploads\/2021\/10\/girl-5760039-1024x683-1.jpg\" alt=\"\" class=\"wp-image-7893\"\/><\/figure>\n\n\n\n<p><strong>Flexibilizaci\u00f3n\ncon Mascarilla<\/strong><\/p>\n\n\n\n<p>Las medidas\nen todo el pa\u00eds se vienen flexibilizando para que los eventos sociales y multitudinarios\nregresen paulatinamente a la normalidad&nbsp; de forma segura. Sin\nembargo, seguir\u00e1 siendo mandatario hasta nuevo aviso, a menos que sean eventos\ncontrolados donde s\u00f3lo hay personas con sus esquemas completos de vacunaci\u00f3n.<\/p>\n\n\n\n<p>En los\nrestaurantes las personas pueden quitarse la mascarilla para comer, pero se las\ndeben poner de vuelta una vez terminen. &nbsp;En el resto de los comercios la mascarilla contin\u00faa\ncomo uso obligatorio.<\/p>\n\n\n\n<figure class=\"wp-block-image\"><img decoding=\"async\" loading=\"lazy\" width=\"960\" height=\"640\" src=\"http:\/\/www.thevisitorpanama.info\/esp\/wp-content\/uploads\/2021\/10\/couple-5422795_1920-1.jpg\" alt=\"\" class=\"wp-image-7894\"\/><\/figure>\n\n\n\n<p><strong>Protocolo\nEntrar al Pa\u00eds<\/strong><\/p>\n\n\n\n<p>Al entrar a nuestro pa\u00eds, la mascarilla tambi\u00e9n se podr\u00e1 retirar en los procesos de identificaci\u00f3n visual como: migraci\u00f3n, aduanas o el servicio policial dentro del aeropuerto. Los ni\u00f1os menores de 3 a\u00f1os est\u00e1n exentos de usarla, as\u00ed como personas que m\u00e9dicamente puedan demostrar que tiene una condici\u00f3n que hace que la mascarilla les afecte.<\/p>\n\n\n\n<p><\/p>\n\n\n\n<figure class=\"wp-block-image\"><img decoding=\"async\" loading=\"lazy\" width=\"750\" height=\"500\" src=\"http:\/\/www.thevisitorpanama.info\/esp\/wp-content\/uploads\/2021\/10\/man-6274651-1.jpg\" alt=\"\" class=\"wp-image-7895\"\/><\/figure>\n","protected":false},"excerpt":{"rendered":"<p>En nuestro pa\u00eds, el proceso de vacunaci\u00f3n contra el Covid-19 tiene un avance por encima del 70% y se viene intensificando para llegar pronto a lograr la tan esperada inmunidad de reba\u00f1o. Sin embargo, las variantes Delta y Mu han entrado al pa\u00eds, y la ciencia las ha identificado como altamente virales. La Gran Pregunta [&hellip;]<\/p>\n","protected":false},"author":1,"featured_media":7892,"comment_status":"open","ping_status":"open","sticky":false,"template":"","format":"standard","meta":[],"categories":[34],"tags":[],"_links":{"self":[{"href":"https:\/\/www.thevisitorpanama.info\/esp\/wp-json\/wp\/v2\/posts\/6072"}],"collection":[{"href":"https:\/\/www.thevisitorpanama.info\/esp\/wp-json\/wp\/v2\/posts"}],"about":[{"href":"https:\/\/www.thevisitorpanama.info\/esp\/wp-json\/wp\/v2\/types\/post"}],"author":[{"embeddable":true,"href":"https:\/\/www.thevisitorpanama.info\/esp\/wp-json\/wp\/v2\/users\/1"}],"replies":[{"embeddable":true,"href":"https:\/\/www.thevisitorpanama.info\/esp\/wp-json\/wp\/v2\/comments?post=6072"}],"version-history":[{"count":3,"href":"https:\/\/www.thevisitorpanama.info\/esp\/wp-json\/wp\/v2\/posts\/6072\/revisions"}],"predecessor-version":[{"id":7896,"href":"https:\/\/www.thevisitorpanama.info\/esp\/wp-json\/wp\/v2\/posts\/6072\/revisions\/7896"}],"wp:featuredmedia":[{"embeddable":true,"href":"https:\/\/www.thevisitorpanama.info\/esp\/wp-json\/wp\/v2\/media\/7892"}],"wp:attachment":[{"href":"https:\/\/www.thevisitorpanama.info\/esp\/wp-json\/wp\/v2\/media?parent=6072"}],"wp:term":[{"taxonomy":"category","embeddable":true,"href":"https:\/\/www.thevisitorpanama.info\/esp\/wp-json\/wp\/v2\/categories?post=6072"},{"taxonomy":"post_tag","embeddable":true,"href":"https:\/\/www.thevisitorpanama.info\/esp\/wp-json\/wp\/v2\/tags?post=6072"}],"curies":[{"name":"wp","href":"https:\/\/api.w.org\/{rel}","templated":true}]}}