{"id":6061,"date":"2021-10-24T20:00:43","date_gmt":"2021-10-24T18:00:43","guid":{"rendered":"http:\/\/thevisitorpanama.net\/esp\/?p=6061"},"modified":"2022-03-06T18:03:18","modified_gmt":"2022-03-06T17:03:18","slug":"panamenos-celebraran-fiestas-patrias-siguiendo-las-directrices-y-parametros-de-bioseguridad","status":"publish","type":"post","link":"https:\/\/www.thevisitorpanama.info\/esp\/2021\/10\/24\/panamenos-celebraran-fiestas-patrias-siguiendo-las-directrices-y-parametros-de-bioseguridad\/","title":{"rendered":"Paname\u00f1os Celebrar\u00e1n Fiestas Patrias Siguiendo las Directrices y Par\u00e1metros de Bioseguridad"},"content":{"rendered":"\n<p>Para este\nnoviembre de 2021, como lo han anunciado y coordinado las autoridades del\nMinisterio de Salud y el Ministerio de Educaci\u00f3n (Meduca), no habr\u00e1 desfiles\npatrios.<\/p>\n\n\n\n<p>En este\nsentido, las autoridades informaron que han coordinado presentaciones de bandas\nmusicales en sitios, horas y fechas espec\u00edficas.<\/p>\n\n\n\n<p>El director\nregional de salud metropolitano, Israel Cede\u00f1o detall\u00f3 qu\u00e9 hay que esperar la\ncomisi\u00f3n que preside el Meduca, el Ministerio de Cultura y otras entidades,\npara que definan las presentaciones de las bandas musicales.<\/p>\n\n\n\n<p>El MINSA a\ntrav\u00e9s de la regional activar\u00e1 sus procesos y protocolos en la verificaci\u00f3n del\ncumplimiento de las medidas de bioseguridad el d\u00eda de realizaci\u00f3n de los\nmismos.<\/p>\n\n\n\n<p>Recientemente,\nel ministro de Salud, Luis Francisco Sucre record\u00f3 que la pandemia por el\nCovid-19 no ha terminado, pero admiti\u00f3 tambi\u00e9n el inter\u00e9s que la participaci\u00f3n\nde las bandas musicales pueda darse.<\/p>\n","protected":false},"excerpt":{"rendered":"<p>Para este noviembre de 2021, como lo han anunciado y coordinado las autoridades del Ministerio de Salud y el Ministerio de Educaci\u00f3n (Meduca), no habr\u00e1 desfiles patrios. En este sentido, las autoridades informaron que han coordinado presentaciones de bandas musicales en sitios, horas y fechas espec\u00edficas. El director regional de salud metropolitano, Israel Cede\u00f1o detall\u00f3 [&hellip;]<\/p>\n","protected":false},"author":1,"featured_media":7906,"comment_status":"open","ping_status":"open","sticky":false,"template":"","format":"standard","meta":[],"categories":[44],"tags":[],"_links":{"self":[{"href":"https:\/\/www.thevisitorpanama.info\/esp\/wp-json\/wp\/v2\/posts\/6061"}],"collection":[{"href":"https:\/\/www.thevisitorpanama.info\/esp\/wp-json\/wp\/v2\/posts"}],"about":[{"href":"https:\/\/www.thevisitorpanama.info\/esp\/wp-json\/wp\/v2\/types\/post"}],"author":[{"embeddable":true,"href":"https:\/\/www.thevisitorpanama.info\/esp\/wp-json\/wp\/v2\/users\/1"}],"replies":[{"embeddable":true,"href":"https:\/\/www.thevisitorpanama.info\/esp\/wp-json\/wp\/v2\/comments?post=6061"}],"version-history":[{"count":1,"href":"https:\/\/www.thevisitorpanama.info\/esp\/wp-json\/wp\/v2\/posts\/6061\/revisions"}],"predecessor-version":[{"id":6062,"href":"https:\/\/www.thevisitorpanama.info\/esp\/wp-json\/wp\/v2\/posts\/6061\/revisions\/6062"}],"wp:featuredmedia":[{"embeddable":true,"href":"https:\/\/www.thevisitorpanama.info\/esp\/wp-json\/wp\/v2\/media\/7906"}],"wp:attachment":[{"href":"https:\/\/www.thevisitorpanama.info\/esp\/wp-json\/wp\/v2\/media?parent=6061"}],"wp:term":[{"taxonomy":"category","embeddable":true,"href":"https:\/\/www.thevisitorpanama.info\/esp\/wp-json\/wp\/v2\/categories?post=6061"},{"taxonomy":"post_tag","embeddable":true,"href":"https:\/\/www.thevisitorpanama.info\/esp\/wp-json\/wp\/v2\/tags?post=6061"}],"curies":[{"name":"wp","href":"https:\/\/api.w.org\/{rel}","templated":true}]}}