{"id":5983,"date":"2021-10-07T02:55:06","date_gmt":"2021-10-07T00:55:06","guid":{"rendered":"http:\/\/thevisitorpanama.net\/esp\/?p=5983"},"modified":"2022-03-06T19:00:18","modified_gmt":"2022-03-06T18:00:18","slug":"primer-vuelo-charter-proveniente-de-quito-llega-con-64-pasajeros","status":"publish","type":"post","link":"https:\/\/www.thevisitorpanama.info\/esp\/2021\/10\/07\/primer-vuelo-charter-proveniente-de-quito-llega-con-64-pasajeros\/","title":{"rendered":"Primer Vuelo Charter Proveniente de Quito, llega con 64 Pasajeros"},"content":{"rendered":"\n<p>El administrador de la Autoridad de Turismo de Panam\u00e1 (ATP), Iv\u00e1n Eskildsen, recibi\u00f3 en el Aeropuerto Internacional de Tocumen el primer vuelo ch\u00e1rter de la aerol\u00ednea ecuatoriana Aeroregional, el cual proven\u00eda de Quito-Ecuador, con 64 pasajeros, cuya estad\u00eda en el pa\u00eds ser\u00e1 de 4 noches; estos vienen motivados por iniciativas desarrolladas por la ATP en conjunto con el sector privado como el Panam\u00e1 Black Week y Vacutur,&nbsp;programa de vacunaci\u00f3n para turistas internacionales promovido por el Gobierno Nacional, el cual inici\u00f3 el pasado viernes 1 de octubre del presente a\u00f1o.<\/p>\n\n\n\n<p>Los turistas visitar\u00e1n sitios de inter\u00e9s como el Casco Antiguo de la ciudad, La Calzada de Amador, El Canal de Panam\u00e1 y Guna Yala, as\u00ed como los principales centros comerciales de la capital.<\/p>\n\n\n\n<p>El titular de turismo expres\u00f3 que \u201cestos vuelos representan divisas que se inyectan a la econom\u00eda y una oportunidad para reactivar parte importante de los empleos que por motivos de la pandemia se encontraban suspendidos en el sector; as\u00ed como la reapertura de varios hoteles. Estamos encaminados a lo que todos queremos, que es ir saliendo de la parte m\u00e1s dif\u00edcil de esta pandemia y lograr el posicionamiento de la industria y de Panam\u00e1 como destino l\u00edder en Latinoam\u00e9rica\u201d<\/p>\n\n\n\n<p>Por su parte, Rosa Abdo, jefa de Despacho y Operaciones de Aeroregional, explic\u00f3 que la frecuencia de vuelos entre Ecuador y Panam\u00e1 se abri\u00f3 a 2 frecuencias semanales. Abdo agradeci\u00f3 la gesti\u00f3n de la ATP y las iniciativas del sector privado por ejecutar estrategias que involucren a la industria a\u00e9rea de la regi\u00f3n para fortalecer la reactivaci\u00f3n de la econom\u00eda por medio del turismo.<\/p>\n\n\n\n<p>En este vuelo ven\u00edan al menos 10 influenciadores ecuatorianos que promocionar\u00e1n los sitios tur\u00edsticos de Panam\u00e1, su riqueza natural y cultural; la biodiversidad y la historia del istmo, as\u00ed como la maravilla de sus 2 oc\u00e9anos, con el objetivo de motivar a m\u00e1s viajeros a vivir las experiencias de un pa\u00eds, que ha logrado ser reconocido por la UNESCO como l\u00edder en la regi\u00f3n por el modelo innovador de turismo sustentable que desarrolla.<\/p>\n\n\n\n<p>Aeroregional tambi\u00e9n confirm\u00f3 un pr\u00f3ximo vuelo proveniente de Per\u00fa con alrededor de 140 pasajeros, de los cuales algunos han tramitado cita para su vacunaci\u00f3n en Panam\u00e1, tambi\u00e9n se mantiene promoci\u00f3n para frecuencias a futuro entre Guatemala y Panam\u00e1.<\/p>\n","protected":false},"excerpt":{"rendered":"<p>El administrador de la Autoridad de Turismo de Panam\u00e1 (ATP), Iv\u00e1n Eskildsen, recibi\u00f3 en el Aeropuerto Internacional de Tocumen el primer vuelo ch\u00e1rter de la aerol\u00ednea ecuatoriana Aeroregional, el cual proven\u00eda de Quito-Ecuador, con 64 pasajeros, cuya estad\u00eda en el pa\u00eds ser\u00e1 de 4 noches; estos vienen motivados por iniciativas desarrolladas por la ATP en [&hellip;]<\/p>\n","protected":false},"author":1,"featured_media":7952,"comment_status":"open","ping_status":"open","sticky":false,"template":"","format":"standard","meta":[],"categories":[44],"tags":[],"_links":{"self":[{"href":"https:\/\/www.thevisitorpanama.info\/esp\/wp-json\/wp\/v2\/posts\/5983"}],"collection":[{"href":"https:\/\/www.thevisitorpanama.info\/esp\/wp-json\/wp\/v2\/posts"}],"about":[{"href":"https:\/\/www.thevisitorpanama.info\/esp\/wp-json\/wp\/v2\/types\/post"}],"author":[{"embeddable":true,"href":"https:\/\/www.thevisitorpanama.info\/esp\/wp-json\/wp\/v2\/users\/1"}],"replies":[{"embeddable":true,"href":"https:\/\/www.thevisitorpanama.info\/esp\/wp-json\/wp\/v2\/comments?post=5983"}],"version-history":[{"count":1,"href":"https:\/\/www.thevisitorpanama.info\/esp\/wp-json\/wp\/v2\/posts\/5983\/revisions"}],"predecessor-version":[{"id":5984,"href":"https:\/\/www.thevisitorpanama.info\/esp\/wp-json\/wp\/v2\/posts\/5983\/revisions\/5984"}],"wp:featuredmedia":[{"embeddable":true,"href":"https:\/\/www.thevisitorpanama.info\/esp\/wp-json\/wp\/v2\/media\/7952"}],"wp:attachment":[{"href":"https:\/\/www.thevisitorpanama.info\/esp\/wp-json\/wp\/v2\/media?parent=5983"}],"wp:term":[{"taxonomy":"category","embeddable":true,"href":"https:\/\/www.thevisitorpanama.info\/esp\/wp-json\/wp\/v2\/categories?post=5983"},{"taxonomy":"post_tag","embeddable":true,"href":"https:\/\/www.thevisitorpanama.info\/esp\/wp-json\/wp\/v2\/tags?post=5983"}],"curies":[{"name":"wp","href":"https:\/\/api.w.org\/{rel}","templated":true}]}}