{"id":5816,"date":"2021-09-28T21:07:37","date_gmt":"2021-09-28T19:07:37","guid":{"rendered":"http:\/\/thevisitorpanama.net\/esp\/?p=5816"},"modified":"2022-03-06T19:17:08","modified_gmt":"2022-03-06T18:17:08","slug":"omar-alfanno-el-gobierno-debe-darse-cuenta-que-los-artistas-panamenos-son-tan-importantes-como-el-canal-de-panama","status":"publish","type":"post","link":"https:\/\/www.thevisitorpanama.info\/esp\/2021\/09\/28\/omar-alfanno-el-gobierno-debe-darse-cuenta-que-los-artistas-panamenos-son-tan-importantes-como-el-canal-de-panama\/","title":{"rendered":"Omar Alfanno:  \u201cEl gobierno debe darse cuenta que los artistas paname\u00f1os son tan importantes como el Canal de Panam\u00e1&#8221;"},"content":{"rendered":"\n<p>En una visita breve a su\npa\u00eds, para atender proyectos profesionales como personales, Omar Alfanno hace\nun peque\u00f1o alto en su Estudio, para concedernos una entrevista y nos exprese su\nsentir y pensar sobre el turismo y la cultura en Panam\u00e1. <\/p>\n\n\n\n<p>Con su t\u00edpica\nespontaneidad Veraguense, y un acento con son boricua, nuestro invitado\nespecial ha sido ganador de casi todos los premios que un artista latino puede\nrecibir por parte de la industria musical internacional, <\/p>\n\n\n\n<figure class=\"wp-block-image\"><img decoding=\"async\" loading=\"lazy\" width=\"1024\" height=\"766\" src=\"http:\/\/www.thevisitorpanama.info\/esp\/wp-content\/uploads\/2021\/09\/IMG_2408-1024x766.jpg\" alt=\"\" class=\"wp-image-7958\"\/><\/figure>\n\n\n\n<p><strong>Es un embajador de Panam\u00e1. Donde vaya, forma parte de la\nmarca pa\u00eds. \u00bfC\u00f3mo siente que las personas de otros pa\u00edses perciben a los\npaname\u00f1os al conocerlo?<\/strong><\/p>\n\n\n\n<p>\u201cSiempre\nnos van a ver como personas musicales que han dejado el nombre del pa\u00eds bien\nalto. Y esa bandera siempre estar\u00e1 ah\u00ed. Yo creo que Panam\u00e1 a trav\u00e9s de los a\u00f1os\nha puesto a cantar al mundo, con los compositores de \u201cHistoria de un Amor\u201d, o Erika Ender con\n\u201cDespacito\u201d o \u201cSech\u201d. Est\u00e1 Joe Montana y Nigga tambi\u00e9n. Eso no va a\nparar porque los paname\u00f1os somos muy rom\u00e1nticos. Creo que tenemos una batuta de\nganadores: y es de compositores\u201d. <\/p>\n\n\n\n<p>Apenas\ntocamos el tema de los artistas locales en la industria musical, el Maestro\nAlfanno enseguida hace una analog\u00eda de c\u00f3mo podr\u00eda cambiar la percepci\u00f3n de\nnuestro pa\u00eds. \u201cPara que los grandes autores puedan demostrar lo que son en las\ngrandes ligas, no puede ser en Panam\u00e1. No es culpa del paname\u00f1o \u201cper ce\u201d. Es porque\nsomos un pa\u00eds muy peque\u00f1o. Pero a este pa\u00eds peque\u00f1o le ha faltado tener la\ncredibilidad de los gobiernos. Esto viene de la \u00e9poca de \u00f1a\u00fapa. Yo me hice afuera,\npero quise venir a hacer una inversi\u00f3n con este Estudio de primer mundo. \u00bfPor\nqu\u00e9 tengo que hacerlo yo? \u00bfPor qu\u00e9 no puede hacerlo el gobierno con una\ninversi\u00f3n fuert\u00edsima para que Panam\u00e1 sea un gran centro musical y la gente\nvenga de afuera a estudiar m\u00fasica? No todos pueden ganarse una beca para\nestudiar en otros pa\u00edses. <\/p>\n\n\n\n<p>Me duele que en la m\u00fasica\nmuchos chamacos se queden, porque su sue\u00f1o no podr\u00e1 realizarse sin apoyo\necon\u00f3mico. Nosotros cuando abrimos la Fundaci\u00f3n Omar Alfanno y la Academia \u201cDream\nFactory\u201d, est\u00e1bamos tratando hacer eso. Pero solitos no podemos hacerlo\u201d.<\/p>\n\n\n\n<p><strong>\u00bfCree que los paname\u00f1os y los que viven aqu\u00ed amamos lo\nque tenemos?<\/strong><\/p>\n\n\n\n<p>\u201cCreo que si lo amamos,\npero el lente con el que lo vemos est\u00e1 un poco borroso. Ese amor se ha diluido\ncon mucha informaci\u00f3n que hace que pensemos que no tenemos mucho. Tenemos\nautoestima, pero lo que nos hace falta es retribuci\u00f3n al esfuerzo que se hace.\nEl autoestima del paname\u00f1o a veces se deja influenciar por otros destinos\ntur\u00edsticos, y piensan que no somos capaces de replicar algo o hacerlo mejor\u201d. <\/p>\n\n\n\n<figure class=\"wp-block-image\"><img decoding=\"async\" loading=\"lazy\" width=\"765\" height=\"1024\" src=\"http:\/\/www.thevisitorpanama.info\/esp\/wp-content\/uploads\/2021\/09\/Giancarlo-Cascada-del-Risco-765x1024.jpg\" alt=\"\" class=\"wp-image-7959\"\/><\/figure>\n\n\n\n<p><strong>\u00bfSi tuviese que promover a su provincia de Veraguas c\u00f3mo\nlo har\u00eda?<\/strong><\/p>\n\n\n\n<p>\u201cEs bien sencillo. Si se\ntiene los recursos, se educa a las personas encargadas del turismo de mi\nprovincia. Hace falta ense\u00f1ar m\u00e1s sobre la identidad veraguense. \u00bfC\u00f3mo hacemos\npara que el turista se detenga en Veraguas? Se tiene que sacar las\ncaracter\u00edsticas m\u00e1s importantes que tiene. Como dar a conocer lugares como el\ncamino de Compostela o el que va hacia Atalaya. <\/p>\n\n\n\n<p>En este punto, nuestro\ninvitado ganador de premios por su letra \u201cA Puro Dolor\u201d, entra en nostalgia&#8230;\nY surgen los recuerdos: \u201cCuando yo me fui de Veraguas, yo era un cholito\nveraguense. Sigo siendo un cholito veraguense. Escrib\u00eda mis canciones debajo de\nla estatua del indio Urrac\u00e1. Pero de no haber salido al extranjero, no hubiera\nsacado punta al l\u00e1piz para componer\u201d. <\/p>\n\n\n\n<p><strong>Maestro, usted ha viajado a bastantes partes del mundo.\n\u00bfQu\u00e9 destino le ha llamado la atenci\u00f3n y qu\u00e9 podr\u00eda aplicarse ac\u00e1 de lo que\nvio?<\/strong><\/p>\n\n\n\n<p>\u201cA\nm\u00ed me gust\u00f3 mucho el morro de San Juan de Puerto Rico, que se asemeja a algo\nque tenemos aqu\u00ed. O las\nruinas de Atenas, Grecia. Cuando yo agarro por un lado del Museo de Panam\u00e1\nViejo que me encanta ver\u2026 Eso es para que se tenga cada piedra iluminada. \u00bfCu\u00e1l\nes la grandeza de los griegos? Que cada piedra la iluminan y de eso se toman\nmuchas fotos. <\/p>\n\n\n\n<p>El\nCaribe me encanta. Las playas de Rep\u00fablica Dominicana (suspira). Pero nosotros\ntambi\u00e9n tenemos el Caribe. Cuando estamos aqu\u00ed, mi hija me dice \u201cPapi qu\u00e9\nbelleza\u201d, le digo \u201cEst\u00e1s en Panam\u00e1. Lo que nos hace falta es presupuesto\u201d. <\/p>\n\n\n\n<p>Nosotros somos personas afables\ny cari\u00f1osas, pero tenemos un solo defecto: muchas veces somos \u201cJuega Vivo\u201d. Eso\nse ha ido diluyendo, pero me refiero a que cuando el paname\u00f1o ve a ese turista bajarse\ndel avi\u00f3n, debe pensar que esa persona es la que le va a traer billete, que va\na llevar a su casa; no debe verle para jugarle vivo\u201d. <\/p>\n\n\n\n<p><strong>\u00bfAlguna an\u00e9cdota que le haya calado tanto, que pudiese\nservir para mejorar la imagen pa\u00eds? Algo que haga sentir esa conexi\u00f3n que no se\npueda describir solo con palabras. <\/strong><\/p>\n\n\n\n<p>Todos los d\u00edas vivo una\ndiferente. Acabo de vivir una hace una hora. Yo llegu\u00e9 con la mascarilla a un\nlugar para hacer un mandado con mi esposa. No he ni entrado por la puerta\nel\u00e9ctrica cuando alguien me grita \u201cMaestro\u201d. Le dije oyeee d\u00e9jame llegar. \u00bfC\u00f3mo\nt\u00fa me reconociste si yo llevo mascarilla? \u201cMaestro usted es reconocible por\ndonde vaya\u201d, le contestaron. <\/p>\n\n\n\n<p>Ese cari\u00f1o y humildad\npropia de sus compatriotas, no es por qui\u00e9n es \u00e9l. Nos asever\u00f3 Alfanno. \u201cPorque\nOmar Alfanno no es nadie\u201d. Dej\u00e1ndonos perplejos con su afirmaci\u00f3n. Las\ncanciones de Omar Alfanno ya est\u00e1n en los corazones, y en los \u201cSoundtrack\u201d personales\nde la gente. A pesar que la gran mayor\u00eda de las canciones famosas no nacieron\naqu\u00ed, sino en M\u00e9xico, Puerto Rico o Estados Unidos. \u00bfPero qui\u00e9n la hizo? \u00a1Un\npaname\u00f1o! Cuando llego a Panam\u00e1,<strong> yo<\/strong> <strong>no muestro mi pasaporte diplom\u00e1tico. La\ndiplomacia de mi vida son mis canciones.<\/strong> <\/p>\n\n\n\n<p>El tiempo hizo que Omar\nAlfanno hiciera ciertos \u00e9nfasis en c\u00f3mo promover el pa\u00eds para concluir. \u201cCuando\nlos gobiernos se den cuenta, que los artistas son tan importantes como el Canal\nde Panam\u00e1\u2026 Entonces se van a dar cuenta que <strong>entre m\u00e1s cultura y arte tu tengas en el pa\u00eds, menos basura va a ver en\nla calle<\/strong>. Nosotros somos una valiosa materia prima explotable. No nos vean\nsolo como artistas. V\u00e9annos como una inversi\u00f3n\npa\u00eds\u201d. <\/p>\n","protected":false},"excerpt":{"rendered":"<p>En una visita breve a su pa\u00eds, para atender proyectos profesionales como personales, Omar Alfanno hace un peque\u00f1o alto en su Estudio, para concedernos una entrevista y nos exprese su sentir y pensar sobre el turismo y la cultura en Panam\u00e1. Con su t\u00edpica espontaneidad Veraguense, y un acento con son boricua, nuestro invitado especial [&hellip;]<\/p>\n","protected":false},"author":1,"featured_media":7957,"comment_status":"open","ping_status":"open","sticky":false,"template":"","format":"standard","meta":[],"categories":[1],"tags":[],"_links":{"self":[{"href":"https:\/\/www.thevisitorpanama.info\/esp\/wp-json\/wp\/v2\/posts\/5816"}],"collection":[{"href":"https:\/\/www.thevisitorpanama.info\/esp\/wp-json\/wp\/v2\/posts"}],"about":[{"href":"https:\/\/www.thevisitorpanama.info\/esp\/wp-json\/wp\/v2\/types\/post"}],"author":[{"embeddable":true,"href":"https:\/\/www.thevisitorpanama.info\/esp\/wp-json\/wp\/v2\/users\/1"}],"replies":[{"embeddable":true,"href":"https:\/\/www.thevisitorpanama.info\/esp\/wp-json\/wp\/v2\/comments?post=5816"}],"version-history":[{"count":4,"href":"https:\/\/www.thevisitorpanama.info\/esp\/wp-json\/wp\/v2\/posts\/5816\/revisions"}],"predecessor-version":[{"id":7960,"href":"https:\/\/www.thevisitorpanama.info\/esp\/wp-json\/wp\/v2\/posts\/5816\/revisions\/7960"}],"wp:featuredmedia":[{"embeddable":true,"href":"https:\/\/www.thevisitorpanama.info\/esp\/wp-json\/wp\/v2\/media\/7957"}],"wp:attachment":[{"href":"https:\/\/www.thevisitorpanama.info\/esp\/wp-json\/wp\/v2\/media?parent=5816"}],"wp:term":[{"taxonomy":"category","embeddable":true,"href":"https:\/\/www.thevisitorpanama.info\/esp\/wp-json\/wp\/v2\/categories?post=5816"},{"taxonomy":"post_tag","embeddable":true,"href":"https:\/\/www.thevisitorpanama.info\/esp\/wp-json\/wp\/v2\/tags?post=5816"}],"curies":[{"name":"wp","href":"https:\/\/api.w.org\/{rel}","templated":true}]}}