{"id":5524,"date":"2021-08-21T02:50:01","date_gmt":"2021-08-21T00:50:01","guid":{"rendered":"http:\/\/thevisitorpanama.net\/esp\/?p=5524"},"modified":"2022-03-06T21:02:45","modified_gmt":"2022-03-06T20:02:45","slug":"panama-black-weekend-sera-del-30-de-septiembre-al-10-de-octubre-en-14-centros-comerciales","status":"publish","type":"post","link":"https:\/\/www.thevisitorpanama.info\/esp\/2021\/08\/21\/panama-black-weekend-sera-del-30-de-septiembre-al-10-de-octubre-en-14-centros-comerciales\/","title":{"rendered":"Panam\u00e1 Black Weekend ser\u00e1 del 30 de Septiembre al 10 de Octubre en  14 Centros Comerciales"},"content":{"rendered":"\n<p>Tras pocos meses de reactivaci\u00f3n luego de la crisis generada por la pandemia de la covid-19, el tr\u00e1fico de ventas en los centros comerciales de Panam\u00e1 comienza a recuperarse poco a poco, afirm\u00f3 la vicepresidenta de la Asociaci\u00f3n Paname\u00f1a de Centros Comerciales (Apacecom).<\/p>\n\n\n\n<p>El Panam\u00e1 Black Weekend ser\u00e1 por 11 d\u00edas en todo el pa\u00eds, del 30 de septiembre al 10 de octubre de 2021 en unos 14 centros comerciales del pa\u00eds: Albrook Mall, Atrio Mall, Mega Mall, Los Andes Mall, Alta Plaza, Los Pueblos 2000, el Paseo Central, Santiago Mall, Las Anclas Mall, Balboa Boutique, Town Center.<\/p>\n\n\n\n<p>Para la versi\u00f3n de este a\u00f1o se esperan visitantes procedentes de pa\u00edses de Centroam\u00e9rica y Sudam\u00e9rica; y \u201cla verdad este a\u00f1o necesitamos que se vayan accionando\u201d sus llegadas al pa\u00eds.<\/p>\n\n\n\n<p>Sin embargo, \u201clos turistas, obviamente, tienen que perder el miedo a viajar, pero con esto, poco a poco, porque estamos apostando a que se vaya incrementando nuevamente el sector turismo que es tan esencial para todos nosotros para poder activarnos tambi\u00e9n\u201d, coment\u00f3 Contreras. <\/p>\n\n\n\n<p>\u201cPodr\u00edamos decir que s\u00ed se ha sentido un incremento. Este fin de semana, por ejemplo, fue movido, pero en general estamos en un promedio de 60% de las ventas versus 2019. Ah\u00ed estamos poco a poco\u201d, expres\u00f3 M\u00f3nica Contreras, vicepresidenta de Apacecom.<\/p>\n","protected":false},"excerpt":{"rendered":"<p>Tras pocos meses de reactivaci\u00f3n luego de la crisis generada por la pandemia de la covid-19, el tr\u00e1fico de ventas en los centros comerciales de Panam\u00e1 comienza a recuperarse poco a poco, afirm\u00f3 la vicepresidenta de la Asociaci\u00f3n Paname\u00f1a de Centros Comerciales (Apacecom). El Panam\u00e1 Black Weekend ser\u00e1 por 11 d\u00edas en todo el pa\u00eds, [&hellip;]<\/p>\n","protected":false},"author":1,"featured_media":8161,"comment_status":"open","ping_status":"open","sticky":false,"template":"","format":"standard","meta":[],"categories":[36],"tags":[],"_links":{"self":[{"href":"https:\/\/www.thevisitorpanama.info\/esp\/wp-json\/wp\/v2\/posts\/5524"}],"collection":[{"href":"https:\/\/www.thevisitorpanama.info\/esp\/wp-json\/wp\/v2\/posts"}],"about":[{"href":"https:\/\/www.thevisitorpanama.info\/esp\/wp-json\/wp\/v2\/types\/post"}],"author":[{"embeddable":true,"href":"https:\/\/www.thevisitorpanama.info\/esp\/wp-json\/wp\/v2\/users\/1"}],"replies":[{"embeddable":true,"href":"https:\/\/www.thevisitorpanama.info\/esp\/wp-json\/wp\/v2\/comments?post=5524"}],"version-history":[{"count":1,"href":"https:\/\/www.thevisitorpanama.info\/esp\/wp-json\/wp\/v2\/posts\/5524\/revisions"}],"predecessor-version":[{"id":5525,"href":"https:\/\/www.thevisitorpanama.info\/esp\/wp-json\/wp\/v2\/posts\/5524\/revisions\/5525"}],"wp:featuredmedia":[{"embeddable":true,"href":"https:\/\/www.thevisitorpanama.info\/esp\/wp-json\/wp\/v2\/media\/8161"}],"wp:attachment":[{"href":"https:\/\/www.thevisitorpanama.info\/esp\/wp-json\/wp\/v2\/media?parent=5524"}],"wp:term":[{"taxonomy":"category","embeddable":true,"href":"https:\/\/www.thevisitorpanama.info\/esp\/wp-json\/wp\/v2\/categories?post=5524"},{"taxonomy":"post_tag","embeddable":true,"href":"https:\/\/www.thevisitorpanama.info\/esp\/wp-json\/wp\/v2\/tags?post=5524"}],"curies":[{"name":"wp","href":"https:\/\/api.w.org\/{rel}","templated":true}]}}