{"id":5159,"date":"2021-07-06T00:35:12","date_gmt":"2021-07-05T22:35:12","guid":{"rendered":"http:\/\/thevisitorpanama.net\/esp\/?p=5159"},"modified":"2022-03-06T22:18:48","modified_gmt":"2022-03-06T21:18:48","slug":"personal-de-hoteles-restaurantes-y-afines-podran-vacunarse-desde-manana","status":"publish","type":"post","link":"https:\/\/www.thevisitorpanama.info\/esp\/2021\/07\/06\/personal-de-hoteles-restaurantes-y-afines-podran-vacunarse-desde-manana\/","title":{"rendered":"Personal de Hoteles, Restaurantes y Afines podr\u00e1n Vacunarse desde Ma\u00f1ana"},"content":{"rendered":"\n<p>Con la intenci\u00f3n de reactivar las actividades econ\u00f3micas &#8211; a mayor escala &#8211; del BLOQUE 6, que conforma las industrias de eventos y entretenimiento, se anunci\u00f3 la Jornada de Vacunaci\u00f3n Voluntaria de AstraZeneca para personas que laboran en restaurantes, hoteles y afines, dedicados a la atenci\u00f3n de clientes dentro del sector de las industrias del entretenimiento, cultura y turismo.&nbsp;&nbsp;<\/p>\n\n\n\n<p>Esta iniciativa se llevar\u00e1 a cabo ma\u00f1ana martes 6 de julio en Albrook Mall, pasillo de La Orca, el martes 6 de julio de 7:00 am \u2013 3:00 pm. Podr\u00e1n participar hombres y mujeres de 30 a\u00f1os en adelante, Con esta vacunaci\u00f3n voluntaria el personal de hoteles, restaurantes y afines tendr\u00e1n mayor acceso a ser inoculados por el personal del Ministerio de Salud (MINSA), quienes estar\u00e1n en el centro comercial para aplicar la primera dosis de AstraZeneca.&nbsp;&nbsp;<\/p>\n\n\n\n<p>De esta manera se busca acelerar las actividades de reactivaci\u00f3n econ\u00f3mica dentro del sector de hospitalidad y servicio, que se ha visto muy afectada por la pandemia. Solo el sector hotelero se encuentra en una muy baja ocupaci\u00f3n de casi un 4%, puesto que \u201clos turistas no vendr\u00e1n al pa\u00eds para encerrarse\u201d, tal como lo expresara Armando Rodr\u00edguez, presidente de la Asociaci\u00f3n Paname\u00f1a de Hoteles (APATEL).&nbsp;&nbsp;<\/p>\n\n\n\n<p>En la conferencia particip\u00f3 la Lic. Carla Garc\u00eda, Gobernadora de la Provincia de Panam\u00e1, Domingo de Obald\u00eda, presidente de la Asociaci\u00f3n de Restaurantes y Afines de Panam\u00e1 (ARAP), Armando Rodr\u00edguez, presidente de la Asociaci\u00f3n Paname\u00f1a de Hoteles (APATEL), y el Dr. Israel Cede\u00f1o, Director Regi\u00f3n Metropolitana de Salud.&nbsp;<\/p>\n\n\n\n<p>Los interesados&nbsp;&nbsp;podr\u00e1n registrarse en:&nbsp;<a href=\"https:\/\/forms.gle\/yDTrZCFAhWVxp8oWA\" target=\"_blank\" rel=\"noreferrer noopener\">https:\/\/forms.gle\/yDTrZCFAhWVxp8oWA<\/a>&nbsp;esta direcci\u00f3n aparece tambi\u00e9n en el link de la biograf\u00eda de la cuenta de Instagram @arap_asocderestpanama&nbsp;&nbsp;<\/p>\n\n\n\n<p><\/p>\n","protected":false},"excerpt":{"rendered":"<p>Con la intenci\u00f3n de reactivar las actividades econ\u00f3micas &#8211; a mayor escala &#8211; del BLOQUE 6, que conforma las industrias de eventos y entretenimiento, se anunci\u00f3 la Jornada de Vacunaci\u00f3n Voluntaria de AstraZeneca para personas que laboran en restaurantes, hoteles y afines, dedicados a la atenci\u00f3n de clientes dentro del sector de las industrias del [&hellip;]<\/p>\n","protected":false},"author":1,"featured_media":8300,"comment_status":"open","ping_status":"open","sticky":false,"template":"","format":"standard","meta":[],"categories":[44],"tags":[],"_links":{"self":[{"href":"https:\/\/www.thevisitorpanama.info\/esp\/wp-json\/wp\/v2\/posts\/5159"}],"collection":[{"href":"https:\/\/www.thevisitorpanama.info\/esp\/wp-json\/wp\/v2\/posts"}],"about":[{"href":"https:\/\/www.thevisitorpanama.info\/esp\/wp-json\/wp\/v2\/types\/post"}],"author":[{"embeddable":true,"href":"https:\/\/www.thevisitorpanama.info\/esp\/wp-json\/wp\/v2\/users\/1"}],"replies":[{"embeddable":true,"href":"https:\/\/www.thevisitorpanama.info\/esp\/wp-json\/wp\/v2\/comments?post=5159"}],"version-history":[{"count":1,"href":"https:\/\/www.thevisitorpanama.info\/esp\/wp-json\/wp\/v2\/posts\/5159\/revisions"}],"predecessor-version":[{"id":5161,"href":"https:\/\/www.thevisitorpanama.info\/esp\/wp-json\/wp\/v2\/posts\/5159\/revisions\/5161"}],"wp:featuredmedia":[{"embeddable":true,"href":"https:\/\/www.thevisitorpanama.info\/esp\/wp-json\/wp\/v2\/media\/8300"}],"wp:attachment":[{"href":"https:\/\/www.thevisitorpanama.info\/esp\/wp-json\/wp\/v2\/media?parent=5159"}],"wp:term":[{"taxonomy":"category","embeddable":true,"href":"https:\/\/www.thevisitorpanama.info\/esp\/wp-json\/wp\/v2\/categories?post=5159"},{"taxonomy":"post_tag","embeddable":true,"href":"https:\/\/www.thevisitorpanama.info\/esp\/wp-json\/wp\/v2\/tags?post=5159"}],"curies":[{"name":"wp","href":"https:\/\/api.w.org\/{rel}","templated":true}]}}