{"id":4698,"date":"2021-05-23T03:57:25","date_gmt":"2021-05-23T01:57:25","guid":{"rendered":"http:\/\/thevisitorpanama.net\/esp\/?p=4698"},"modified":"2022-03-09T17:07:19","modified_gmt":"2022-03-09T16:07:19","slug":"la-aerolinea-air-europa-reanudara-sus-vuelos-a-panama-en-julio","status":"publish","type":"post","link":"https:\/\/www.thevisitorpanama.info\/esp\/2021\/05\/23\/la-aerolinea-air-europa-reanudara-sus-vuelos-a-panama-en-julio\/","title":{"rendered":"La Aerol\u00ednea Air Europa Reanudar\u00e1 sus Vuelos a Panam\u00e1 en Julio"},"content":{"rendered":"\n<p>Continuando con la recuperaci\u00f3n de su red de destinos, Air Europa reanudar\u00e1 a partir de julio su ruta Madrid-Ciudad de Panam\u00e1 con dos frecuencias semanales, los martes y domingos; seg\u00fan ha anunciado en el marco de la Feria Internacional del Turismo de Madrid Fitur 2021. La aerol\u00ednea afirma que, manteniendo su compromiso con Panam\u00e1, renovado en 2019 al reiniciar operaciones con el pa\u00eds, ha suscrito un acuerdo con las autoridades de turismo paname\u00f1as para contribuir a su promoci\u00f3n y proyecci\u00f3n internacional.<\/p>\n\n\n\n<p>Con capacidad para 296 asientos -configurados 274 en clase Turista y 22 en Business- el Dreamliner ofrece a bordo una experiencia m\u00e1s confortable por su nivel de humedad y su iluminaci\u00f3n en la cabina de pasajeros. Adicionalmente como el resto de nuevos modelos de avi\u00f3n, tanto de manufactura estadounidense como europea, la flota Dreamliner dispone de los filtros HEPA que garantiza el filtrado y la eliminaci\u00f3n de pat\u00f3genos en un 99,99% garantizando la higienizaci\u00f3n del aire en cabina de pasajeros.<\/p>\n\n\n\n<p>El horario de los vuelos de regreso a Madrid Barajas, hub de Air Europa, permite hacer conexiones con los vuelos de la compa\u00f1\u00eda a su red de destinos nacionales y europeos.<\/p>\n\n\n\n<p>La compa\u00f1\u00eda ha reforzado sus estrictos protocolos de limpieza y ha activado medidas de protecci\u00f3n, entre las que figuran la reducci\u00f3n de objetos manipulables a bordo; nuevos procesos de embarque y desembarque; la m\u00e1xima separaci\u00f3n entre pasajeros que permita la ocupaci\u00f3n del vuelo y realizar online todas las gestiones relativas a su viaje. En este sentido, Air Europa destaca que ha optimizado su p\u00e1gina web y desarrollado una nueva app para ofrecer una gesti\u00f3n m\u00e1s intuitiva y mejorar la experiencia de reserva del pasajero.<\/p>\n\n\n\n<p>Asimismo, ha anunciado una nueva estructura tarifaria y una pol\u00edtica de flexibilizaci\u00f3n m\u00e1s amplia.<\/p>\n","protected":false},"excerpt":{"rendered":"<p>Continuando con la recuperaci\u00f3n de su red de destinos, Air Europa reanudar\u00e1 a partir de julio su ruta Madrid-Ciudad de Panam\u00e1 con dos frecuencias semanales, los martes y domingos; seg\u00fan ha anunciado en el marco de la Feria Internacional del Turismo de Madrid Fitur 2021. La aerol\u00ednea afirma que, manteniendo su compromiso con Panam\u00e1, renovado [&hellip;]<\/p>\n","protected":false},"author":1,"featured_media":8521,"comment_status":"open","ping_status":"open","sticky":false,"template":"","format":"standard","meta":[],"categories":[44],"tags":[],"_links":{"self":[{"href":"https:\/\/www.thevisitorpanama.info\/esp\/wp-json\/wp\/v2\/posts\/4698"}],"collection":[{"href":"https:\/\/www.thevisitorpanama.info\/esp\/wp-json\/wp\/v2\/posts"}],"about":[{"href":"https:\/\/www.thevisitorpanama.info\/esp\/wp-json\/wp\/v2\/types\/post"}],"author":[{"embeddable":true,"href":"https:\/\/www.thevisitorpanama.info\/esp\/wp-json\/wp\/v2\/users\/1"}],"replies":[{"embeddable":true,"href":"https:\/\/www.thevisitorpanama.info\/esp\/wp-json\/wp\/v2\/comments?post=4698"}],"version-history":[{"count":1,"href":"https:\/\/www.thevisitorpanama.info\/esp\/wp-json\/wp\/v2\/posts\/4698\/revisions"}],"predecessor-version":[{"id":4699,"href":"https:\/\/www.thevisitorpanama.info\/esp\/wp-json\/wp\/v2\/posts\/4698\/revisions\/4699"}],"wp:featuredmedia":[{"embeddable":true,"href":"https:\/\/www.thevisitorpanama.info\/esp\/wp-json\/wp\/v2\/media\/8521"}],"wp:attachment":[{"href":"https:\/\/www.thevisitorpanama.info\/esp\/wp-json\/wp\/v2\/media?parent=4698"}],"wp:term":[{"taxonomy":"category","embeddable":true,"href":"https:\/\/www.thevisitorpanama.info\/esp\/wp-json\/wp\/v2\/categories?post=4698"},{"taxonomy":"post_tag","embeddable":true,"href":"https:\/\/www.thevisitorpanama.info\/esp\/wp-json\/wp\/v2\/tags?post=4698"}],"curies":[{"name":"wp","href":"https:\/\/api.w.org\/{rel}","templated":true}]}}