{"id":4650,"date":"2021-05-15T18:34:42","date_gmt":"2021-05-15T16:34:42","guid":{"rendered":"http:\/\/thevisitorpanama.net\/esp\/?p=4650"},"modified":"2022-03-09T17:18:41","modified_gmt":"2022-03-09T16:18:41","slug":"panama-recibira-premio-excelencias-turisticas-en-el-marco-de-fitur-2021","status":"publish","type":"post","link":"https:\/\/www.thevisitorpanama.info\/esp\/2021\/05\/15\/panama-recibira-premio-excelencias-turisticas-en-el-marco-de-fitur-2021\/","title":{"rendered":"Panam\u00e1 Recibir\u00e1 Premio Excelencias Tur\u00edsticas en el Marc\u00f3 de FITUR 2021"},"content":{"rendered":"\n<p>Fiel a su tradici\u00f3n, el Grupo Excelencias entregar\u00e1 los Premios Excelencias 2020 en el marco de la Feria Internacional de Turismo de Madrid, FITUR 2021, el pr\u00f3ximo d\u00eda 19 de mayo, a las 16:45 horas de Madrid, Espa\u00f1a, justo el mismo d\u00eda de la inauguraci\u00f3n del principal evento tur\u00edstico de Espa\u00f1a. El acto de entrega se realizar\u00e1 en el Auditorio Sur del recinto ferial IFEMA.<\/p>\n\n\n\n<p>Los PREMIOS EXCELENCIAS fueron creados hace 16 a\u00f1os por Grupo Excelencias, con el objetivo de fomentar la excelencia en diferentes \u00e1mbitos relacionados con el turismo, la gastronom\u00eda y la cultura en Iberoam\u00e9rica. <\/p>\n\n\n\n<p>Estos galardones, se han convertido en un referente en el \u00e1mbito del turismo y la gastronom\u00eda en Iberoam\u00e9rica. Un a\u00f1o m\u00e1s, la cita tendr\u00e1 lugar en el marco de FITUR, Madrid, Espa\u00f1a.<\/p>\n\n\n\n<p>PREMIOS EXCELENCIAS TUR\u00cdSTICAS<br>\nSe entregar\u00e1n galardones a proyectos de 12 pa\u00edses. (Espa\u00f1a, Portugal, Rep\u00fablica Dominicana, Colombia, Paraguay, Argentina, Cuba, Brasil, Panam\u00e1, Nicaragua y M\u00e9xico). Contaremos con la presencia de Ministros, Gobernadores, Secretarios de Turismo, Directores Generales y Personalidades del \u00e1mbito tur\u00edstico internacional<\/p>\n\n\n\n<p>PREMIOS EXCELENCIAS GOURMET<br>\nSe entregar\u00e1n galardones a proyectos\/personas de 5 pa\u00edses. (M\u00e9xico, Rep\u00fablica Dominicana, Espa\u00f1a, Costa Rica y Colombia)  Contaremos con la presencia de personalidades del \u00e1mbito gastron\u00f3mico internacional.<\/p>\n\n\n\n<p>PREMIOS EXCELENCIAS ESPECIALES<br>\nESP\u00cdRITU DE EXCELENCIA: Categor\u00eda Excelencia global de un proyecto<\/p>\n\n\n\n<p>CARIBBEAN NEWS DIGITAL: Personaje tur\u00edstico de 2020<\/p>\n\n\n\n<p>PREMIO \u201cRAM\u00d3N \u00c1LVAREZ\u201d: Categor\u00eda MICE<\/p>\n\n\n\n<p>PREMIO \u201cNICOL\u00c1S MUELA\u201d: Categor\u00eda gastronom\u00eda Iberoamericana <\/p>\n\n\n\n<p>PREMIO \u201cSILVIA ZORZANELLO\u201d: Categor\u00eda Brasil<\/p>\n","protected":false},"excerpt":{"rendered":"<p>Fiel a su tradici\u00f3n, el Grupo Excelencias entregar\u00e1 los Premios Excelencias 2020 en el marco de la Feria Internacional de Turismo de Madrid, FITUR 2021, el pr\u00f3ximo d\u00eda 19 de mayo, a las 16:45 horas de Madrid, Espa\u00f1a, justo el mismo d\u00eda de la inauguraci\u00f3n del principal evento tur\u00edstico de Espa\u00f1a. El acto de entrega [&hellip;]<\/p>\n","protected":false},"author":1,"featured_media":8535,"comment_status":"open","ping_status":"open","sticky":false,"template":"","format":"standard","meta":[],"categories":[42],"tags":[],"_links":{"self":[{"href":"https:\/\/www.thevisitorpanama.info\/esp\/wp-json\/wp\/v2\/posts\/4650"}],"collection":[{"href":"https:\/\/www.thevisitorpanama.info\/esp\/wp-json\/wp\/v2\/posts"}],"about":[{"href":"https:\/\/www.thevisitorpanama.info\/esp\/wp-json\/wp\/v2\/types\/post"}],"author":[{"embeddable":true,"href":"https:\/\/www.thevisitorpanama.info\/esp\/wp-json\/wp\/v2\/users\/1"}],"replies":[{"embeddable":true,"href":"https:\/\/www.thevisitorpanama.info\/esp\/wp-json\/wp\/v2\/comments?post=4650"}],"version-history":[{"count":2,"href":"https:\/\/www.thevisitorpanama.info\/esp\/wp-json\/wp\/v2\/posts\/4650\/revisions"}],"predecessor-version":[{"id":4653,"href":"https:\/\/www.thevisitorpanama.info\/esp\/wp-json\/wp\/v2\/posts\/4650\/revisions\/4653"}],"wp:featuredmedia":[{"embeddable":true,"href":"https:\/\/www.thevisitorpanama.info\/esp\/wp-json\/wp\/v2\/media\/8535"}],"wp:attachment":[{"href":"https:\/\/www.thevisitorpanama.info\/esp\/wp-json\/wp\/v2\/media?parent=4650"}],"wp:term":[{"taxonomy":"category","embeddable":true,"href":"https:\/\/www.thevisitorpanama.info\/esp\/wp-json\/wp\/v2\/categories?post=4650"},{"taxonomy":"post_tag","embeddable":true,"href":"https:\/\/www.thevisitorpanama.info\/esp\/wp-json\/wp\/v2\/tags?post=4650"}],"curies":[{"name":"wp","href":"https:\/\/api.w.org\/{rel}","templated":true}]}}