{"id":4570,"date":"2021-05-03T21:48:21","date_gmt":"2021-05-03T19:48:21","guid":{"rendered":"http:\/\/thevisitorpanama.net\/esp\/?p=4570"},"modified":"2022-03-09T17:35:29","modified_gmt":"2022-03-09T16:35:29","slug":"con-brochas-y-pintura-en-mano-empieza-el-proyecto-portobelo-de-colores","status":"publish","type":"post","link":"https:\/\/www.thevisitorpanama.info\/esp\/2021\/05\/03\/con-brochas-y-pintura-en-mano-empieza-el-proyecto-portobelo-de-colores\/","title":{"rendered":"Con Brochas y Pintura en Mano, Empieza el Proyecto &#8220;Portobelo de Colores&#8221;"},"content":{"rendered":"\n<p>Desde tempranas horas colaboradores del Gobierno Nacional y lugare\u00f1os&nbsp;&nbsp;del distrito de Portobelo con brochas&nbsp;&nbsp;y pintura en mano iniciaron, este lunes, el proyecto \u201c Portobelo de Colores\u201d, con una jornada caracterizada por el&nbsp;&nbsp;arte y la cultura propia del lugar y en el marco de la celebraci\u00f3n del mes de la Etnia Negra.&nbsp;<\/p>\n\n\n\n<p>La primera fase del proyecto abarca unas 85 casas de madera y cemento. La casa #234, ubicada en la calle principal de Portobelo, propiedad del se\u00f1or Manuel Avelino Mark fue la primera residencia intervenida por la cuadrilla de trabajadores. Su&nbsp;&nbsp;sobrina Elda Salamanca, con m\u00e1s de 40 a\u00f1os de residir en el distrito opina que el proyecto llamar\u00e1 la atenci\u00f3n de los turistas, que se llevar\u00e1n una buena impresi\u00f3n del lugar y del pa\u00eds; adem\u00e1s, subray\u00f3 que se ayuda a la comunidad&nbsp;&nbsp;mejorando el aspecto de&nbsp;&nbsp;sus casas&nbsp;&nbsp;sin costo alguno para las familias.<\/p>\n\n\n\n<figure class=\"wp-block-image\"><img decoding=\"async\" loading=\"lazy\" width=\"1024\" height=\"682\" src=\"http:\/\/www.thevisitorpanama.info\/esp\/wp-content\/uploads\/2021\/05\/FOTO-DEL-MINISTRO-HABLANDO-COMUNIDAD-1024x682-1.jpg\" alt=\"\" class=\"wp-image-8561\"\/><\/figure>\n\n\n\n<p>El ministro de Cultura, Carlos Aguilar; la ministra de Trabajo y Desarrollo Laboral, Doris Zapata; el viceministro de Vivienda, Jos\u00e9 Batista Gonz\u00e1lez; el administrador general de la Autoridad de Turismo de Panam\u00e1, Iv\u00e1n Eskildsen; y el director ejecutivo de la&nbsp;&nbsp;Fundaci\u00f3n&nbsp;&nbsp;Bah\u00eda de Portobelo, Rui Diniz, fueron los primeros en&nbsp; iniciar la jornada que&nbsp; oficializ\u00f3 este proyecto que&nbsp;&nbsp;forma parte de&nbsp;&nbsp;las promesas&nbsp;&nbsp;del&nbsp;&nbsp;presidente de la Rep\u00fablica, Laurentino Cortizo Cohen, durante el Gabinete&nbsp;&nbsp;Tur\u00edstico que se realiz\u00f3 en este distrito, en diciembre de 2019.<br><\/p>\n\n\n\n<p>Portobelo de Colores, que busca darle otra cara al lugar reafirmando la esencia cultural afro, es un proyecto inclusivo que invita a la comunidad a empoderarse del mismo, a fin de que impacte en su econom\u00eda a trav\u00e9s del turismo sostenible, cultural&nbsp;&nbsp;e hist\u00f3rico.&nbsp;<\/p>\n\n\n\n<p>En su intervenci\u00f3n Eskildsen resalt\u00f3&nbsp;&nbsp;que este proyecto pretende desarrollarse de adentro&nbsp;&nbsp;hacia afuera es decir que la comunidad se apodere del mismo embelleciendo sus casas y resaltando la cultura Congo y todo lo que rodea a Portobelo como Patrimonio de la Humanidad, en&nbsp; coordinaci\u00f3n con la Fundaci\u00f3n Bah\u00eda de Portobelo. \u201c El modelo tur\u00edstico que estamos desarrollando a nivel nacional busca hacer part\u00edcipe a las comunidades de la actividad de esta industria,&nbsp;&nbsp;que es lo que le interesa al turista consciente de estos tiempos,&nbsp;&nbsp;que la gente se preocupe por&nbsp; su cultura y de la naturaleza&#8221;.<br><\/p>\n\n\n\n<p>Las casas que est\u00e1n contempladas en este proyecto, pero est\u00e1n desocupadas se pintar\u00e1n de blanco para que sirvan de lienzo a intervenciones del talento art\u00edstico en esta regi\u00f3n.&nbsp;<br><\/p>\n\n\n\n<p>Los moradores que observaban los trabajos de embellecimiento de las casas disfrutaron de un concierto de m\u00fasica ofrecido por los integrantes de la Escuelita del Ritmo, una escuela de m\u00fasica y expresi\u00f3n art\u00edstica que surge con la finalidad de incentivar y fomentar la cultura y el arte a trav\u00e9s de la ense\u00f1anza musical y la formaci\u00f3n de valores culturales y medioambientales. La misma forma parte de los programas que impulsa la Fundaci\u00f3n Bah\u00eda de Portobelo, organizaci\u00f3n que junto a la ATP y la comunidad presentaron en el Gabinete Tur\u00edstico el proyecto que hoy inicia en uno de los destinos tur\u00edsticos del pa\u00eds&nbsp;&nbsp;m\u00e1s&nbsp;&nbsp;emblem\u00e1ticos y representativo de la cultura paname\u00f1a.&nbsp;&nbsp;<\/p>\n\n\n\n<p>El distrito de Portobelo&nbsp;&nbsp;forma parte de los 8 destinos prioritarios del Plan Maestro de Turismo Sostenible 2020-2025 y el&nbsp;&nbsp;proyecto&nbsp;&nbsp;Portobelo de Colores bajo la estrategia&nbsp;&nbsp;Turismo , Conservaci\u00f3n e Investigaci\u00f3n (TCI), con un turismo sostenible enfocado en atraer viajeros conscientes que aprecian el trabajo en las comunidades, es parte de la ejecuci\u00f3n de este plan que el pasado 3 de marzo arranc\u00f3 en Portobelo con obras programadas para este distrito y San Lorenzo,&nbsp;&nbsp;as\u00ed como para los Fuertes de San Lorenzo, San&nbsp;&nbsp;Fernando, Castillo de Santiago de la Gloria&nbsp;&nbsp;Nuevo y Viejo<br><\/p>\n\n\n\n<p>Dentro del plan tambi\u00e9n est\u00e1 la hoja de ruta para toda la rehabilitaci\u00f3n del Casco Hist\u00f3rico de Portobelo tanto la parte cultural como natural que se desarrollar\u00e1 en conjunto con el Ministerio de Cultura. El mismo tiene como prop\u00f3sito realzar el patrimonio hist\u00f3rico con mejoras en las infraestructuras del casco, as\u00ed como dotar a la poblaci\u00f3n de edificaciones rehabilitadas y espacios para el esparcimiento social. Dentro de este eje se encuentra la rehabilitaci\u00f3n del Centro de Facilidades Tur\u00edsticas e Interpretaciones (CEFATI), propiedad de la ATP.&nbsp;<br><\/p>\n\n\n\n<p>Portobelo es una joya de enorme potencial tur\u00edstico donde convergen la designaci\u00f3n&nbsp;&nbsp;de patrimonios de la humanidad declarado por la UNESCO tanto por sus fortificaciones como por la cultura congo patrimonio cultural inmaterial; adicionalmente, cuenta&nbsp;&nbsp;con las bellezas del patrimonio verde y azul del Parque Nacional Portobelo, contemplado en el actualizado Plan Maestro de Turismo Sostenible.<\/p>\n","protected":false},"excerpt":{"rendered":"<p>Desde tempranas horas colaboradores del Gobierno Nacional y lugare\u00f1os&nbsp;&nbsp;del distrito de Portobelo con brochas&nbsp;&nbsp;y pintura en mano iniciaron, este lunes, el proyecto \u201c Portobelo de Colores\u201d, con una jornada caracterizada por el&nbsp;&nbsp;arte y la cultura propia del lugar y en el marco de la celebraci\u00f3n del mes de la Etnia Negra.&nbsp; La primera fase del [&hellip;]<\/p>\n","protected":false},"author":1,"featured_media":8560,"comment_status":"open","ping_status":"open","sticky":false,"template":"","format":"standard","meta":[],"categories":[44],"tags":[],"_links":{"self":[{"href":"https:\/\/www.thevisitorpanama.info\/esp\/wp-json\/wp\/v2\/posts\/4570"}],"collection":[{"href":"https:\/\/www.thevisitorpanama.info\/esp\/wp-json\/wp\/v2\/posts"}],"about":[{"href":"https:\/\/www.thevisitorpanama.info\/esp\/wp-json\/wp\/v2\/types\/post"}],"author":[{"embeddable":true,"href":"https:\/\/www.thevisitorpanama.info\/esp\/wp-json\/wp\/v2\/users\/1"}],"replies":[{"embeddable":true,"href":"https:\/\/www.thevisitorpanama.info\/esp\/wp-json\/wp\/v2\/comments?post=4570"}],"version-history":[{"count":3,"href":"https:\/\/www.thevisitorpanama.info\/esp\/wp-json\/wp\/v2\/posts\/4570\/revisions"}],"predecessor-version":[{"id":8562,"href":"https:\/\/www.thevisitorpanama.info\/esp\/wp-json\/wp\/v2\/posts\/4570\/revisions\/8562"}],"wp:featuredmedia":[{"embeddable":true,"href":"https:\/\/www.thevisitorpanama.info\/esp\/wp-json\/wp\/v2\/media\/8560"}],"wp:attachment":[{"href":"https:\/\/www.thevisitorpanama.info\/esp\/wp-json\/wp\/v2\/media?parent=4570"}],"wp:term":[{"taxonomy":"category","embeddable":true,"href":"https:\/\/www.thevisitorpanama.info\/esp\/wp-json\/wp\/v2\/categories?post=4570"},{"taxonomy":"post_tag","embeddable":true,"href":"https:\/\/www.thevisitorpanama.info\/esp\/wp-json\/wp\/v2\/tags?post=4570"}],"curies":[{"name":"wp","href":"https:\/\/api.w.org\/{rel}","templated":true}]}}