{"id":4565,"date":"2021-04-29T22:58:43","date_gmt":"2021-04-29T20:58:43","guid":{"rendered":"http:\/\/thevisitorpanama.net\/esp\/?p=4565"},"modified":"2022-03-09T17:37:57","modified_gmt":"2022-03-09T16:37:57","slug":"hoy-continua-lacontinua-la-celebracion-del-dia-internacional-de-la-danza","status":"publish","type":"post","link":"https:\/\/www.thevisitorpanama.info\/esp\/2021\/04\/29\/hoy-continua-lacontinua-la-celebracion-del-dia-internacional-de-la-danza\/","title":{"rendered":"Hoy Contin\u00faa la celebraci\u00f3n del \u201cD\u00eda Internacional de la Danza&#8221; con el Ballet Nacional"},"content":{"rendered":"\n<p>Con presentaciones del Ballet Nacional, MiCultura celebra d\u00eda de la Danza<\/p>\n\n\n\n<p>Con la presentaci\u00f3n en el escenario del cl\u00e1sico de la \u201cBella Durmiente\u201d por parte del Ballet Nacional de Panam\u00e1, los d\u00edas 29 y 30 de abril y que ser\u00e1 transmitido por las pantallas de SERTV y por las redes de MiCultura a las 8:00 de la noche contin\u00faa la celebraci\u00f3n del \u201cD\u00eda Internacional de la Danza\u201d.<\/p>\n\n\n\n<p>De esta forma, el Ministerio de Cultura, a trav\u00e9s del Ballet Nacional de Panam\u00e1, culmina la semana celebrando el 29 de abril, fecha escogida por la UNESCO en 1982 para dedicarlo a la danza en homenaje al natalicio del bailar\u00edn y core\u00f3grafo franc\u00e9s, Jean Georges Noverre.<\/p>\n\n\n\n<p>La celebraci\u00f3n esta fecha inici\u00f3 desde el pasado 23 de abril con una serie de actividades como la presentaci\u00f3n del Ballet Nacional en una gala denominada \u201cLas Estrellas\u201d en el Teatro Balboa donde se cont\u00f3 la presencia de cerca de 300 espectadores.<\/p>\n\n\n\n<p>Esta es la primera presentaci\u00f3n de un grupo de bailarines del Ballet Nacional luego de un a\u00f1o de estar fuera de los escenarios por la pandemia.<\/p>\n\n\n\n<p>Por otro lado, la Directora Nacional Ejecutiva del Ballet de Panam\u00e1, Gloria Barrios destac\u00f3 que el ballet est\u00e1 de vuelta a los escenarios y que los bailarines est\u00e1n \u00e1vidos de demostrar su talento y alegr\u00eda en cada presentaci\u00f3n.<br>\nBarrios agreg\u00f3 que tambi\u00e9n se han programado otras dos presentaciones en el mes de mayo en el mismo escenario.<\/p>\n\n\n\n<p>Igualmente, en el Foyer del Teatro Nacional se mont\u00f3 una exposici\u00f3n de las obras ganadores del concurso Roberto Lewis.<\/p>\n\n\n\n<p>Adem\u00e1s, Ren\u00e1n Fern\u00e1ndez, de la Direcci\u00f3n Nacional de las Artes, organiz\u00f3 4 importantes conversatorios virtuales sobre la Danza como instrumento social, la danza inclusiva, la Danza Iberoamericana y la Ley del artista con expositores Internacionales.<\/p>\n","protected":false},"excerpt":{"rendered":"<p>Con presentaciones del Ballet Nacional, MiCultura celebra d\u00eda de la Danza Con la presentaci\u00f3n en el escenario del cl\u00e1sico de la \u201cBella Durmiente\u201d por parte del Ballet Nacional de Panam\u00e1, los d\u00edas 29 y 30 de abril y que ser\u00e1 transmitido por las pantallas de SERTV y por las redes de MiCultura a las 8:00 [&hellip;]<\/p>\n","protected":false},"author":1,"featured_media":8569,"comment_status":"open","ping_status":"open","sticky":false,"template":"","format":"standard","meta":[],"categories":[44],"tags":[],"_links":{"self":[{"href":"https:\/\/www.thevisitorpanama.info\/esp\/wp-json\/wp\/v2\/posts\/4565"}],"collection":[{"href":"https:\/\/www.thevisitorpanama.info\/esp\/wp-json\/wp\/v2\/posts"}],"about":[{"href":"https:\/\/www.thevisitorpanama.info\/esp\/wp-json\/wp\/v2\/types\/post"}],"author":[{"embeddable":true,"href":"https:\/\/www.thevisitorpanama.info\/esp\/wp-json\/wp\/v2\/users\/1"}],"replies":[{"embeddable":true,"href":"https:\/\/www.thevisitorpanama.info\/esp\/wp-json\/wp\/v2\/comments?post=4565"}],"version-history":[{"count":2,"href":"https:\/\/www.thevisitorpanama.info\/esp\/wp-json\/wp\/v2\/posts\/4565\/revisions"}],"predecessor-version":[{"id":4568,"href":"https:\/\/www.thevisitorpanama.info\/esp\/wp-json\/wp\/v2\/posts\/4565\/revisions\/4568"}],"wp:featuredmedia":[{"embeddable":true,"href":"https:\/\/www.thevisitorpanama.info\/esp\/wp-json\/wp\/v2\/media\/8569"}],"wp:attachment":[{"href":"https:\/\/www.thevisitorpanama.info\/esp\/wp-json\/wp\/v2\/media?parent=4565"}],"wp:term":[{"taxonomy":"category","embeddable":true,"href":"https:\/\/www.thevisitorpanama.info\/esp\/wp-json\/wp\/v2\/categories?post=4565"},{"taxonomy":"post_tag","embeddable":true,"href":"https:\/\/www.thevisitorpanama.info\/esp\/wp-json\/wp\/v2\/tags?post=4565"}],"curies":[{"name":"wp","href":"https:\/\/api.w.org\/{rel}","templated":true}]}}