{"id":4434,"date":"2021-04-25T18:59:44","date_gmt":"2021-04-25T16:59:44","guid":{"rendered":"http:\/\/thevisitorpanama.net\/esp\/?p=4434"},"modified":"2023-11-26T22:54:29","modified_gmt":"2023-11-27T03:54:29","slug":"4434","status":"publish","type":"post","link":"https:\/\/www.thevisitorpanama.info\/esp\/2021\/04\/25\/4434\/","title":{"rendered":"Essdras Su\u00e1rez: \u201cUn destino se conoce por su gente: es captar en una fotograf\u00eda la esencia desde el prisma del ser humano\u201d."},"content":{"rendered":"\n<p>Foto portada: Carlos Cruz<\/p>\n\n\n\n<p>Son m\u00e1s de 20 a\u00f1os contando historias propias y de otros a trav\u00e9s de la fotograf\u00eda. Essdras Su\u00e1rez, es un paname\u00f1o con grandes m\u00e9ritos en medios internacionales como \u201cThe New York Times\u201d y \u201cThe Boston Globe\u201d. Ha ganado dos premios Pulitzer de Fotograf\u00eda, por cubrir hechos impactantes como atentados, momentos dif\u00edciles de registrar. <\/p>\n\n\n\n<p>Su\u00e1rez desea contribuir\ncon Panam\u00e1 y su gente, ense\u00f1ando c\u00f3mo humanizar la fotograf\u00eda procurando captar\nlo que otros viven en su entorno. &nbsp;Entre\nsus sue\u00f1os est\u00e1 elcrear el Panama\nPhotographic Resource Center, un lugar donde llegar\u00edan fot\u00f3grafos de renombre\npara dictar cursos y talleres para locales y extranjeros.<\/p>\n\n\n\n<figure class=\"wp-block-image\"><img decoding=\"async\" loading=\"lazy\" width=\"1024\" height=\"684\" src=\"http:\/\/www.thevisitorpanama.info\/esp\/wp-content\/uploads\/2021\/04\/The_Visitor_PTY_interview_E_Suarez_002799-1-1024x684-1.jpg\" alt=\"\" class=\"wp-image-8636\"\/><\/figure>\n\n\n\n<p><strong>\u00bfCu\u00e1n importante es contar la historia de Panam\u00e1 en una\nvisual y c\u00f3mo mostrarla a nivel internacional?<\/strong><\/p>\n\n\n\n<p>\u201cCuando cuentas una\nhistoria tienes la responsabilidad de brindar una idea sobre la esencia de un\nlugar. Soy de pensar que un lugar se conoce por sus habitantes. Por ende, hay\nque ense\u00f1ar c\u00f3mo sus habitantes interact\u00faan entre ellos, su medio ambiente, costumbres\ny fotografiar detalles\u2026 Captar la esencia desde el prisma del ser humano. <\/p>\n\n\n\n<p>Hace un tiempo tuve la\nidea de hacer un proyecto sobre \u201cArquetipos de Panam\u00e1\u201d. Estamos hablando de la se\u00f1ora que vende\nlos billetes en la calle, el raspadero, los ind\u00edgenas de Guna Yala que venden sus\nMolas en Las\nB\u00f3vedas, el maestro o el que maneja el tren rumbo a Col\u00f3n\u2026 Siempre contar una\nhistoria a trav\u00e9s de las personas. Trato de &#8211; cambiarte &#8211; la perspectiva y a eso\nse le llama el paradigma visual resuelto\u201d. <\/p>\n\n\n\n<figure class=\"wp-block-image\"><img decoding=\"async\" loading=\"lazy\" width=\"1024\" height=\"754\" src=\"http:\/\/www.thevisitorpanama.info\/esp\/wp-content\/uploads\/2021\/04\/The_Visitor_PTY_interview_E_Suarez_002798-1024x754-1.jpg\" alt=\"\" class=\"wp-image-8637\"\/><\/figure>\n\n\n\n<p><strong>\u00bfC\u00f3mo un pa\u00eds puede utilizar hechos de impacto, para que\nde forma visual se pueda\nllegar al turista internacional con un mensaje positivo?<\/strong><\/p>\n\n\n\n<p>\u201cLas personas que vienen a\nPanam\u00e1 no solo quieren conocer El Canal o ver los pajaritos. Quieren conocer la\nhistoria del pa\u00eds, como los hechos donde se han perdido muchas vidas. Un hecho\nhist\u00f3rico fue la invasi\u00f3n, y aunque hay muchas fotos de lo que sucedi\u00f3 en El\nChorrillo, no hay un lugar donde la gente pueda apreciarlo. Se puede hacer un\nmuseo en esa misma \u00e1rea, donde se entrevisten a las personas que pasaron por\neso, hagan monumentos, y las fotos ayudan mucho para hacer rese\u00f1as de lo que\nrealmente pas\u00f3. Deber\u00eda crearse este museo que a la vez podr\u00eda ser una\natracci\u00f3n tur\u00edstica con fines educativos, y una forma de sacar algo positivo de\nun hecho tan triste y negativo\u201d.<\/p>\n\n\n\n<figure class=\"wp-block-image\"><img decoding=\"async\" loading=\"lazy\" width=\"1024\" height=\"1024\" src=\"http:\/\/www.thevisitorpanama.info\/esp\/wp-content\/uploads\/2021\/04\/The_Visitor_PTY_interview_E_Suarez_002804-1024x1024-1.jpg\" alt=\"\" class=\"wp-image-8638\" srcset=\"https:\/\/www.thevisitorpanama.info\/esp\/wp-content\/uploads\/2021\/04\/The_Visitor_PTY_interview_E_Suarez_002804-1024x1024-1.jpg 1024w, https:\/\/www.thevisitorpanama.info\/esp\/wp-content\/uploads\/2021\/04\/The_Visitor_PTY_interview_E_Suarez_002804-1024x1024-1-150x150.jpg 150w\" sizes=\"(max-width: 1024px) 100vw, 1024px\" \/><\/figure>\n\n\n\n<p><strong>\u00bfQu\u00e9 proyectos visuales podr\u00eda sugerirnos para que el\npaname\u00f1o mantenga su orgullo nacional y pueda contar esas historias a los\nextranjeros?<\/strong><\/p>\n\n\n\n<p>\u201cImagina si pusieran un letrero tipo \u201cTime Square\u201d cerca del edificio de La Loter\u00eda, o del Banco Nacional en v\u00eda Espa\u00f1a. Pongan ah\u00ed una foto ensayo de lo que ve el paname\u00f1o en la semana cada vez que va al trabajo. Son cosas que las personas promedio ven, pero est\u00e1n metidos en su celular y no se les ocurre tomar esas im\u00e1genes. \u00bfQu\u00e9 tal si se empieza a concientizar a las personas a que tomen fotos del \u00e1mbito visual a su alrededor, y que a veces no nos damos cuenta que tienen relevancia? Alguien que vive en Tierras Altas, no tiene idea de c\u00f3mo es la vida en la capital y viceversa. Todos tenemos una historia desde una perspectiva que contar. <\/p>\n\n\n\n<figure class=\"wp-block-image size-full\"><img decoding=\"async\" loading=\"lazy\" width=\"1600\" height=\"1059\" src=\"https:\/\/www.thevisitorpanama.info\/esp\/wp-content\/uploads\/2023\/11\/Compress_20231126_224617_7993.jpg\" alt=\"\" class=\"wp-image-14555\" srcset=\"https:\/\/www.thevisitorpanama.info\/esp\/wp-content\/uploads\/2023\/11\/Compress_20231126_224617_7993.jpg 1600w, https:\/\/www.thevisitorpanama.info\/esp\/wp-content\/uploads\/2023\/11\/Compress_20231126_224617_7993-768x508.jpg 768w, https:\/\/www.thevisitorpanama.info\/esp\/wp-content\/uploads\/2023\/11\/Compress_20231126_224617_7993-1536x1017.jpg 1536w\" sizes=\"(max-width: 1600px) 100vw, 1600px\" \/><\/figure>\n\n\n\n<p>Si todas las semanas va\ncambiando de im\u00e1genes, y se escogen despu\u00e9s las mejores fotos y la ponen por varios\nd\u00edas, todos van a empezar a tomar fotos. Estamos en tiempos donde la gente se\ntoman fotos queriendo decir \u201cm\u00edrenme a m\u00ed\u201d, en vez de tomar m\u00e1s im\u00e1genes de lo\nque ven\u201d<\/p>\n\n\n\n<p><strong>\u00bfC\u00f3mo se podr\u00eda captar una imagen de El Canal de Panam\u00e1\nnunca antes vista?<\/strong><\/p>\n\n\n\n<p>\u201cContar la historia de El\nCanal, o contar las historias de los que trabajan ah\u00ed. Identificar arquetipos. Debe haber adentro\nde El Canal t\u00edtulos de trabajo, se escoger\u00eda las que son altamente visuales con\npotencial para que se puedan contar estas historias. <\/p>\n\n\n\n<p>Antes de la pandemia yo estuve hablando con \u201cNational Geographic\u201d, sobre c\u00f3mo afecta a El Canal, el incremento de la temperatura a nivel global. La evaporaci\u00f3n de los lagos, y para hacer eso hay que hablar antes con los expertos y hacer una investigaci\u00f3n\u201d. <\/p>\n\n\n\n<figure class=\"wp-block-image size-full\"><img decoding=\"async\" loading=\"lazy\" width=\"1008\" height=\"1500\" src=\"https:\/\/www.thevisitorpanama.info\/esp\/wp-content\/uploads\/2023\/11\/Compress_20231126_224617_7684.jpg\" alt=\"\" class=\"wp-image-14552\" srcset=\"https:\/\/www.thevisitorpanama.info\/esp\/wp-content\/uploads\/2023\/11\/Compress_20231126_224617_7684.jpg 1008w, https:\/\/www.thevisitorpanama.info\/esp\/wp-content\/uploads\/2023\/11\/Compress_20231126_224617_7684-768x1143.jpg 768w\" sizes=\"(max-width: 1008px) 100vw, 1008px\" \/><\/figure>\n\n\n\n<p><strong>\u00bfQu\u00e9 imagen har\u00edas de Panam\u00e1 para plasmar ante el mundo? Elegir\nuna. <\/strong><\/p>\n\n\n\n<p>\u201cTratar\u00eda de elegir una persona. Panam\u00e1 tiene la diversidad de aves m\u00e1s grande de toda Centroam\u00e9rica. Hay una persona en el pa\u00eds que es la autoridad en aves. Yo le dir\u00eda que me ense\u00f1e qu\u00e9 hace de nuestro pa\u00eds un territorio extraordinario en este \u00e1mbito. Le dir\u00eda de pasar un mes recorriendo cada recoveco para ir hasta donde est\u00e1n las \u00e1guilas harp\u00edas, los quetzales\u2026 Podemos encontrarnos con un cham\u00e1n que conozca sobre la riqueza de las aves. Estoy pensando en un arquetipo en especial: \u201cEl Sabio de Aves de Panam\u00e1\u201d, crear\u00eda una foto ensayo sobre todo lo que conoce y eso se convertir\u00eda en un \u00e1rbol de informaci\u00f3n\u201d.<\/p>\n\n\n\n<figure class=\"wp-block-image size-full\"><img decoding=\"async\" loading=\"lazy\" width=\"1400\" height=\"932\" src=\"https:\/\/www.thevisitorpanama.info\/esp\/wp-content\/uploads\/2023\/11\/Compress_20231126_224616_6696.jpg\" alt=\"\" class=\"wp-image-14554\" srcset=\"https:\/\/www.thevisitorpanama.info\/esp\/wp-content\/uploads\/2023\/11\/Compress_20231126_224616_6696.jpg 1400w, https:\/\/www.thevisitorpanama.info\/esp\/wp-content\/uploads\/2023\/11\/Compress_20231126_224616_6696-768x511.jpg 768w\" sizes=\"(max-width: 1400px) 100vw, 1400px\" \/><\/figure>\n","protected":false},"excerpt":{"rendered":"<p>Foto portada: Carlos Cruz Son m\u00e1s de 20 a\u00f1os contando historias propias y de otros a trav\u00e9s de la fotograf\u00eda. Essdras Su\u00e1rez, es un paname\u00f1o con grandes m\u00e9ritos en medios internacionales como \u201cThe New York Times\u201d y \u201cThe Boston Globe\u201d. Ha ganado dos premios Pulitzer de Fotograf\u00eda, por cubrir hechos impactantes como atentados, momentos dif\u00edciles [&hellip;]<\/p>\n","protected":false},"author":1,"featured_media":8635,"comment_status":"open","ping_status":"open","sticky":false,"template":"","format":"standard","meta":[],"categories":[1],"tags":[],"_links":{"self":[{"href":"https:\/\/www.thevisitorpanama.info\/esp\/wp-json\/wp\/v2\/posts\/4434"}],"collection":[{"href":"https:\/\/www.thevisitorpanama.info\/esp\/wp-json\/wp\/v2\/posts"}],"about":[{"href":"https:\/\/www.thevisitorpanama.info\/esp\/wp-json\/wp\/v2\/types\/post"}],"author":[{"embeddable":true,"href":"https:\/\/www.thevisitorpanama.info\/esp\/wp-json\/wp\/v2\/users\/1"}],"replies":[{"embeddable":true,"href":"https:\/\/www.thevisitorpanama.info\/esp\/wp-json\/wp\/v2\/comments?post=4434"}],"version-history":[{"count":6,"href":"https:\/\/www.thevisitorpanama.info\/esp\/wp-json\/wp\/v2\/posts\/4434\/revisions"}],"predecessor-version":[{"id":14558,"href":"https:\/\/www.thevisitorpanama.info\/esp\/wp-json\/wp\/v2\/posts\/4434\/revisions\/14558"}],"wp:featuredmedia":[{"embeddable":true,"href":"https:\/\/www.thevisitorpanama.info\/esp\/wp-json\/wp\/v2\/media\/8635"}],"wp:attachment":[{"href":"https:\/\/www.thevisitorpanama.info\/esp\/wp-json\/wp\/v2\/media?parent=4434"}],"wp:term":[{"taxonomy":"category","embeddable":true,"href":"https:\/\/www.thevisitorpanama.info\/esp\/wp-json\/wp\/v2\/categories?post=4434"},{"taxonomy":"post_tag","embeddable":true,"href":"https:\/\/www.thevisitorpanama.info\/esp\/wp-json\/wp\/v2\/tags?post=4434"}],"curies":[{"name":"wp","href":"https:\/\/api.w.org\/{rel}","templated":true}]}}