{"id":4389,"date":"2021-04-23T18:37:41","date_gmt":"2021-04-23T16:37:41","guid":{"rendered":"http:\/\/thevisitorpanama.net\/esp\/?p=4389"},"modified":"2022-03-10T15:59:54","modified_gmt":"2022-03-10T14:59:54","slug":"panama-reconfirma-con-hechos-su-compromiso-frente-al-cambio-climatico-ante-el-mundo","status":"publish","type":"post","link":"https:\/\/www.thevisitorpanama.info\/esp\/2021\/04\/23\/panama-reconfirma-con-hechos-su-compromiso-frente-al-cambio-climatico-ante-el-mundo\/","title":{"rendered":"Panam\u00e1, Reconfirma con Hechos su Compromiso frente al Cambio Clim\u00e1tico ante el Mundo"},"content":{"rendered":"\n<p>Panam\u00e1  demuestra con hechos y datos&#8217; su compromiso con la crisis clim\u00e1tica<br> El planteamiento fue dado por la canciller paname\u00f1a, Erika Mouynesdurante, en la Cumbre de L\u00edderes sobre el Clima. <\/p>\n\n\n\n<p><br> El Canal de Panam\u00e1 ha contribuido a la reducci\u00f3n de m\u00e1s de 13 millones de toneladas de CO2 en 2020. Panam\u00e1, uno de los tres pa\u00edses con carbono negativo del mundo, mostr\u00f3 su firme compromiso con la crisis clim\u00e1tica en medio de la Cumbre de L\u00edderes sobre el Clima convocada por el presidente de EE.UU, Joe Biden, previa a la Conferencia de las Naciones Unidas sobre Cambio Clim\u00e1tico (COP26). Panam\u00e1 &#8220;demuestra con hechos y datos concretos, su compromiso en la lucha contra el cambio clim\u00e1tico&#8221;, dijo la canciller paname\u00f1a, Erika Mouynes, durante la reuni\u00f3n que se realiza entre este jueves y el viernes y anticipa la COP26, que se celebrar\u00e1 en noviembre en Glasgow (Reino Unido). El pa\u00eds centroamericano fue uno de los invitados a las dos reuniones ministeriales sobre la Cumbre del Clima convocada por Biden, para &#8220;compartir aportes y recomendaciones que aseguren el \u00e9xito&#8221; de la pr\u00f3xima COP26, explic\u00f3 la Canciller\u00eda paname\u00f1a en un comunicado. La reuni\u00f3n, en la que participaron 49 pa\u00edses seleccionados en representaci\u00f3n de las regiones a nivel global, fue presidida por John Kerry, enviado especial para el cambio clim\u00e1tico de EE.UU., y se escogi\u00f3 a Mouynes para iniciar la sesi\u00f3n.<\/p>\n\n\n\n<p><\/p>\n\n\n\n<p>Mouynes explic\u00f3 durante la reuni\u00f3n que Panam\u00e1 tambi\u00e9n es uno de los pa\u00edses &#8220;m\u00e1s vulnerables ante las amenazas del calentamiento global&#8221;, lo que ha tenido un impacto directo en el Canal de Panam\u00e1 al generar un &#8220;d\u00e9ficit h\u00eddrico que ha requerido importantes inversiones para reforzar el sistema de gesti\u00f3n de agua&#8221;. El Canal de Panam\u00e1, la v\u00eda interoce\u00e1nica por la que pasa el 6% del comercio mundial y que se mantuvo en funcionamiento durante la pandemia, &#8220;ha contribuido a la reducci\u00f3n de m\u00e1s de 13 millones de toneladas de CO2 en 2020 como consecuencia de las distancias que acorta en el comercio mundial&#8221;, a\u00f1adi\u00f3 la canciller.<\/p>\n\n\n\n<p>As\u00ed, la estrategia &#8220;verde&#8221; de la v\u00eda acu\u00e1tica &#8220;ofrece incentivos a los usuarios que siguen las iniciativas de adaptaci\u00f3n y mitigaci\u00f3n contra el cambio clim\u00e1tico, actuaciones contundentes que posicionan a Panam\u00e1 en la palestra internacional&#8221;, destac\u00f3 Mouynes. Kerry felicit\u00f3 a Panam\u00e1 por sus referencias, que calific\u00f3 como \u201cejemplo de compromiso y un claro mensaje de responsabilidad\u201d ante la crisis clim\u00e1tica, que definitivamente requiere actuaciones en conjunto&#8221;, seg\u00fan el comunicado de la Canciller\u00eda paname\u00f1a. \u201cPanam\u00e1 se est\u00e1 preparando y estar\u00e1 presente en la COP26 en Glasgow y junto al equipo de MiAmbiente, desempe\u00f1ar\u00e1 su rol protag\u00f3nico en la lucha contra el cambio clim\u00e1tico en el plano multilateral, con una gesti\u00f3n comprometida que entregue datos concretos sobre los objetivos establecidos para la reducci\u00f3n de carbono\u201d, concluy\u00f3 Mouynes.<\/p>\n","protected":false},"excerpt":{"rendered":"<p>Panam\u00e1 demuestra con hechos y datos&#8217; su compromiso con la crisis clim\u00e1tica El planteamiento fue dado por la canciller paname\u00f1a, Erika Mouynesdurante, en la Cumbre de L\u00edderes sobre el Clima. El Canal de Panam\u00e1 ha contribuido a la reducci\u00f3n de m\u00e1s de 13 millones de toneladas de CO2 en 2020. Panam\u00e1, uno de los tres [&hellip;]<\/p>\n","protected":false},"author":1,"featured_media":8667,"comment_status":"open","ping_status":"open","sticky":false,"template":"","format":"standard","meta":[],"categories":[42],"tags":[],"_links":{"self":[{"href":"https:\/\/www.thevisitorpanama.info\/esp\/wp-json\/wp\/v2\/posts\/4389"}],"collection":[{"href":"https:\/\/www.thevisitorpanama.info\/esp\/wp-json\/wp\/v2\/posts"}],"about":[{"href":"https:\/\/www.thevisitorpanama.info\/esp\/wp-json\/wp\/v2\/types\/post"}],"author":[{"embeddable":true,"href":"https:\/\/www.thevisitorpanama.info\/esp\/wp-json\/wp\/v2\/users\/1"}],"replies":[{"embeddable":true,"href":"https:\/\/www.thevisitorpanama.info\/esp\/wp-json\/wp\/v2\/comments?post=4389"}],"version-history":[{"count":2,"href":"https:\/\/www.thevisitorpanama.info\/esp\/wp-json\/wp\/v2\/posts\/4389\/revisions"}],"predecessor-version":[{"id":4392,"href":"https:\/\/www.thevisitorpanama.info\/esp\/wp-json\/wp\/v2\/posts\/4389\/revisions\/4392"}],"wp:featuredmedia":[{"embeddable":true,"href":"https:\/\/www.thevisitorpanama.info\/esp\/wp-json\/wp\/v2\/media\/8667"}],"wp:attachment":[{"href":"https:\/\/www.thevisitorpanama.info\/esp\/wp-json\/wp\/v2\/media?parent=4389"}],"wp:term":[{"taxonomy":"category","embeddable":true,"href":"https:\/\/www.thevisitorpanama.info\/esp\/wp-json\/wp\/v2\/categories?post=4389"},{"taxonomy":"post_tag","embeddable":true,"href":"https:\/\/www.thevisitorpanama.info\/esp\/wp-json\/wp\/v2\/tags?post=4389"}],"curies":[{"name":"wp","href":"https:\/\/api.w.org\/{rel}","templated":true}]}}