{"id":4349,"date":"2021-04-16T20:15:08","date_gmt":"2021-04-16T18:15:08","guid":{"rendered":"http:\/\/thevisitorpanama.net\/esp\/?p=4349"},"modified":"2022-03-10T16:05:34","modified_gmt":"2022-03-10T15:05:34","slug":"portobelo-de-colores-embellecera-85-casas-para-preservar-el-patrimonio-cultural","status":"publish","type":"post","link":"https:\/\/www.thevisitorpanama.info\/esp\/2021\/04\/16\/portobelo-de-colores-embellecera-85-casas-para-preservar-el-patrimonio-cultural\/","title":{"rendered":"&#8220;Portobelo de Colores&#8221; Embellecer\u00e1 85 Casas para Potenciar su Patrimonio Cultural"},"content":{"rendered":"\n<p>Este proyecto, que en su primera fase empezar\u00e1 en el mes de mayo, est\u00e1 dentro del Plan de Conservaci\u00f3n de la identidad afro, que tiene como objetivo resaltar la belleza de Portobelo haci\u00e9ndolo m\u00e1s atractivo para el visitante, as\u00ed como tambi\u00e9n reconectar a la comunidad con su patrimonio cultural. <\/p>\n\n\n\n<p>En esta primera fase se intervendr\u00e1n unas 85 casas de madera y cemento, que en su exterior ser\u00e1n embellecidas.<\/p>\n\n\n\n<p>El administrador de la ATP, Iv\u00e1n Eskildsen, indic\u00f3 que \u201cPortobelo de Colores es otro proyecto bajo la estrategia Turismo, Conservaci\u00f3n e Investigaci\u00f3n (TCI), con un turismo sostenible enfocado en atraer viajeros conscientes que aprecien el trato de comunidades locales que conserven su patrimonio natural y cultural\u201d.<\/p>\n\n\n\n<p>Por su parte, el ministro de Cultura, Carlos Aguilar, manifest\u00f3 que este proyecto es parte del compromiso que adquiri\u00f3 el Gobierno Nacional no solo en el Gabinete Tur\u00edstico sino tambi\u00e9n en el Plan de Gobierno, cuya premisa fundamental es \u201cla lucha contra la sexta frontera\u201d, lanzada por el presidente Cortizo a su equipo de trabajo y a la poblaci\u00f3n en general, a fin de construir un pa\u00eds m\u00e1s justo y equitativo.<\/p>\n\n\n\n<p>\u201cA trav\u00e9s del trabajo interinstitucional que se hace tanto en la restauraci\u00f3n de las obras de patrimonio, en las capacitaciones a la poblaci\u00f3n, en los diferentes emprendimientos de las industrias creativas, en las pinturas de las casas y en todo el proyecto integral que el gobierno ha planteado para Col\u00f3n no solo est\u00e1 cumpliendo con un plan de gobierno con derecho humano, sino tambi\u00e9n con m\u00e1s de 500 a\u00f1os de lucha que se han dado en esta poblaci\u00f3n&#8221;, remarc\u00f3.<\/p>\n\n\n\n<p>En tanto Ferrari dijo que la Zona Libre de Col\u00f3n es realmente una evoluci\u00f3n de lo que fueron las ferias de Portobelo que se dieron hace 500 a\u00f1os, en donde compradores y vendedores se reun\u00edan para una actividad en com\u00fan, despu\u00e9s de medio milenio se puede decir que en Portobello todav\u00eda sigue vigente esa actividad econ\u00f3mica que se ha traslado a lo que es la Zona Libre de Col\u00f3n.<\/p>\n\n\n\n<p>\u201cQue podamos con este proyecto rendir honor a nuestro pasado en la manera de poder contribuir y aportar estos materiales nos llena de orgullo y estamos seguro que los resultados ser\u00e1n provechosos no s\u00f3lo para Portobelo sino para toda la provincia y la Zona Libre que forma parte de ella.\u201d<\/p>\n\n\n\n<p>Para la selecci\u00f3n de los colores se evaluaron los tonos predominantes en la cultura afrocolonial, y se acord\u00f3 que las casas desocupadas se pintar\u00e1n de blanco para que sirvan de lienzo a intervenciones art\u00edsticas.<\/p>\n\n\n\n<p>Estas viviendas, ubicadas cerca de las costas del distrito, es lo primero que visualizan los visitantes nacionales y extranjeros que llegan por mar y tierra interesados en conocer la parte hist\u00f3rica de las fortificaciones de Portobelo, su idiosincrasia y disfrutar de sus recursos tur\u00edsticos naturales.<\/p>\n\n\n\n<p>El presidente de la C\u00e1mara de Turismo de Portobelo, Jes\u00fas Lemus, se\u00f1al\u00f3 que con la ejecuci\u00f3n de este proyecto se ayuda al distrito a desarrollarse como polo tur\u00edstico, al tomarse en cuenta las necesidades de la poblaci\u00f3n. \u201cAl pintar las casas se mejora la apariencia del lugar y se concientiza a la gente sobre la importancia de conservar el lugar donde residen limpio y conservado, que es la imagen que queremos proyectar y es lo que exige el turista consciente de esta \u00e9poca&#8221;.<\/p>\n\n\n\n<p>Sostuvo que Portobelo est\u00e1 tomando mucho auge y que en la medida que se conozcan sus virtudes ir\u00e1 aumentando el turismo, porque este destino tiene mucho valor en historia, cultura y en lo f\u00edsico sus espectaculares playas y naturaleza.<\/p>\n\n\n\n<p>En tanto que Rui Diniz, director ejecutivo de la Fundaci\u00f3n Bah\u00eda de Portobelo, con m\u00e1s de 11 a\u00f1os de realizar junto a esta fundaci\u00f3n programas que buscan el progreso a trav\u00e9s de la cultura y el arte, expres\u00f3 que cuando se present\u00f3&nbsp; este proyecto al Gabinete&nbsp; Tur\u00edstico, en conjunto con la comunidad, se hizo con la idea de cambiar la cara del lugar y dar alegr\u00eda a trav\u00e9s del color, mejorar la vida cotidiana de las familias beneficiadas&nbsp; y con ello contribuir al desarrollo del turismo comunitario.<\/p>\n\n\n\n<p>Para lograrlo- dijo- que es importante que a medida que se van pintando las casas, hay que ir sembrando y limpiando cada rinc\u00f3n, as\u00ed como explicar a la comunidad sobre la importancia del turismo para desarrollar Portobelo como un destino tur\u00edstico sostenible de clase mundial.<\/p>\n\n\n\n<p>\u201cPortobelo de Colores es un proyecto inclusivo del cual la comunidad debe empoderarse y desarrollarlo, para atraer a m\u00e1s visitantes, lo que favorecer\u00e1 notablemente el poder econ\u00f3mico, comercial y social de la poblaci\u00f3n, as\u00ed como en la creaci\u00f3n de nuevas plazas de trabajo\u201d, asegur\u00f3.<\/p>\n\n\n\n<p>Agreg\u00f3 que con el acercamiento con la comunidad se promover\u00eda la realizaci\u00f3n de programas de capacitaci\u00f3n en temas como: servicio al cliente, finanzas del hogar, emprendimiento, m\u00e9todos de reciclaje, desarrollo comunitario, entre otros.<\/p>\n\n\n\n<p>Con un parque natural de m\u00e1s de 35 mil hect\u00e1reas, cristalinas playas del Caribe y una historia y cultura que son patrimonio de la UNESCO, Portobelo tiene todo el potencial para ser uno de los destinos tur\u00edsticos m\u00e1s visitados y promovidos de Panam\u00e1\u201d, subray\u00f3 Deniz, quien asegur\u00f3 que se enamor\u00f3 del destino porque es un pueblo con un patrimonio arquitect\u00f3nico \u00fanico, con cultura local como el baile Congo, historias de piratas y turismo religioso realmente interesantes. \u201cEste proyecto va a tener un impacto importante en la comunidad; adem\u00e1s, es una obra que se merece Portobelo que ha estado olvidado por muchos a\u00f1os y por m\u00e1s de tres gobiernos\u201d, recalc\u00f3.<\/p>\n","protected":false},"excerpt":{"rendered":"<p>Este proyecto, que en su primera fase empezar\u00e1 en el mes de mayo, est\u00e1 dentro del Plan de Conservaci\u00f3n de la identidad afro, que tiene como objetivo resaltar la belleza de Portobelo haci\u00e9ndolo m\u00e1s atractivo para el visitante, as\u00ed como tambi\u00e9n reconectar a la comunidad con su patrimonio cultural. En esta primera fase se intervendr\u00e1n [&hellip;]<\/p>\n","protected":false},"author":1,"featured_media":8672,"comment_status":"open","ping_status":"open","sticky":false,"template":"","format":"standard","meta":[],"categories":[44],"tags":[],"_links":{"self":[{"href":"https:\/\/www.thevisitorpanama.info\/esp\/wp-json\/wp\/v2\/posts\/4349"}],"collection":[{"href":"https:\/\/www.thevisitorpanama.info\/esp\/wp-json\/wp\/v2\/posts"}],"about":[{"href":"https:\/\/www.thevisitorpanama.info\/esp\/wp-json\/wp\/v2\/types\/post"}],"author":[{"embeddable":true,"href":"https:\/\/www.thevisitorpanama.info\/esp\/wp-json\/wp\/v2\/users\/1"}],"replies":[{"embeddable":true,"href":"https:\/\/www.thevisitorpanama.info\/esp\/wp-json\/wp\/v2\/comments?post=4349"}],"version-history":[{"count":2,"href":"https:\/\/www.thevisitorpanama.info\/esp\/wp-json\/wp\/v2\/posts\/4349\/revisions"}],"predecessor-version":[{"id":4352,"href":"https:\/\/www.thevisitorpanama.info\/esp\/wp-json\/wp\/v2\/posts\/4349\/revisions\/4352"}],"wp:featuredmedia":[{"embeddable":true,"href":"https:\/\/www.thevisitorpanama.info\/esp\/wp-json\/wp\/v2\/media\/8672"}],"wp:attachment":[{"href":"https:\/\/www.thevisitorpanama.info\/esp\/wp-json\/wp\/v2\/media?parent=4349"}],"wp:term":[{"taxonomy":"category","embeddable":true,"href":"https:\/\/www.thevisitorpanama.info\/esp\/wp-json\/wp\/v2\/categories?post=4349"},{"taxonomy":"post_tag","embeddable":true,"href":"https:\/\/www.thevisitorpanama.info\/esp\/wp-json\/wp\/v2\/tags?post=4349"}],"curies":[{"name":"wp","href":"https:\/\/api.w.org\/{rel}","templated":true}]}}