{"id":4341,"date":"2021-04-13T17:27:53","date_gmt":"2021-04-13T15:27:53","guid":{"rendered":"http:\/\/thevisitorpanama.net\/esp\/?p=4341"},"modified":"2022-03-10T16:05:58","modified_gmt":"2022-03-10T15:05:58","slug":"mejoran-vias-de-acceso-al-volcan-baru-para-garantizar-mayor-seguridad-turistica","status":"publish","type":"post","link":"https:\/\/www.thevisitorpanama.info\/esp\/2021\/04\/13\/mejoran-vias-de-acceso-al-volcan-baru-para-garantizar-mayor-seguridad-turistica\/","title":{"rendered":"Mejoran V\u00edas de Acceso al Volc\u00e1n Bar\u00fa para Garantizar Mayor Seguridad Tur\u00edstica"},"content":{"rendered":"\n<p>Como parte de una jornada comunitaria, <br>\nse realizaron adecuaciones en puntos cr\u00edticos del camino hacia la cima del punto m\u00e1s alto de pa\u00eds, el Volc\u00e1n Bar\u00fa, por parte del personal del Ministerio de Ambiente (MiAMBIENTE) y los tour operadores que ofrecen sus servicios en el Parque Nacional Volc\u00e1n (PNVB), para mejorar el camino que ingresa por el Puesto de Control Camiseta en el distrito de Boquete.<\/p>\n\n\n\n<p>Se trabaj\u00f3 en el trayecto que va desde el kil\u00f3metro 6 hasta el 13.5 (km), en puntos espec\u00edficos de las \u00e1reas conocidas como Cueva de Rat\u00f3n, Loma Zuto y la Nevera.<\/p>\n\n\n\n<p>\u201cLos trabajos tienen como objetivo garantizar la seguridad de los turistas nacionales y extranjeros, de quienes laboran en el \u00e1rea protegida y de los touroperadores\u201d, dijo  Krislly Quintero, directora regional de MiAmbiente en la provincia de Chiriqu\u00ed.<\/p>\n\n\n\n<p>Las mejoras incluyeron relleno con material del \u00e1rea, limpieza de drenajes, emparejamiento y reubicaci\u00f3n de rocas y piedras.<\/p>\n\n\n\n<p>En lo que va del a\u00f1o se han realizado varias jornadas de adecuaciones y mejoras tras el impacto que recibi\u00f3 la zona con la incidencia del de los huracanes Eta e Iota en noviembre del 2020.<\/p>\n\n\n\n<p>La ocasi\u00f3n tambi\u00e9n les permiti\u00f3 realizar limpieza de desechos s\u00f3lidos dejados en el camino y cima del volc\u00e1n Bar\u00fa.<\/p>\n\n\n\n<p>Esta actividad fue coordinada con los guardaparques  y t\u00e9cnicos de MiAmbiente, donde participaron conductores de veh\u00edculos especiales dedicado al turismo.<\/p>\n","protected":false},"excerpt":{"rendered":"<p>Como parte de una jornada comunitaria, se realizaron adecuaciones en puntos cr\u00edticos del camino hacia la cima del punto m\u00e1s alto de pa\u00eds, el Volc\u00e1n Bar\u00fa, por parte del personal del Ministerio de Ambiente (MiAMBIENTE) y los tour operadores que ofrecen sus servicios en el Parque Nacional Volc\u00e1n (PNVB), para mejorar el camino que ingresa [&hellip;]<\/p>\n","protected":false},"author":1,"featured_media":8674,"comment_status":"open","ping_status":"open","sticky":false,"template":"","format":"standard","meta":[],"categories":[44],"tags":[],"_links":{"self":[{"href":"https:\/\/www.thevisitorpanama.info\/esp\/wp-json\/wp\/v2\/posts\/4341"}],"collection":[{"href":"https:\/\/www.thevisitorpanama.info\/esp\/wp-json\/wp\/v2\/posts"}],"about":[{"href":"https:\/\/www.thevisitorpanama.info\/esp\/wp-json\/wp\/v2\/types\/post"}],"author":[{"embeddable":true,"href":"https:\/\/www.thevisitorpanama.info\/esp\/wp-json\/wp\/v2\/users\/1"}],"replies":[{"embeddable":true,"href":"https:\/\/www.thevisitorpanama.info\/esp\/wp-json\/wp\/v2\/comments?post=4341"}],"version-history":[{"count":1,"href":"https:\/\/www.thevisitorpanama.info\/esp\/wp-json\/wp\/v2\/posts\/4341\/revisions"}],"predecessor-version":[{"id":4342,"href":"https:\/\/www.thevisitorpanama.info\/esp\/wp-json\/wp\/v2\/posts\/4341\/revisions\/4342"}],"wp:featuredmedia":[{"embeddable":true,"href":"https:\/\/www.thevisitorpanama.info\/esp\/wp-json\/wp\/v2\/media\/8674"}],"wp:attachment":[{"href":"https:\/\/www.thevisitorpanama.info\/esp\/wp-json\/wp\/v2\/media?parent=4341"}],"wp:term":[{"taxonomy":"category","embeddable":true,"href":"https:\/\/www.thevisitorpanama.info\/esp\/wp-json\/wp\/v2\/categories?post=4341"},{"taxonomy":"post_tag","embeddable":true,"href":"https:\/\/www.thevisitorpanama.info\/esp\/wp-json\/wp\/v2\/tags?post=4341"}],"curies":[{"name":"wp","href":"https:\/\/api.w.org\/{rel}","templated":true}]}}