{"id":4094,"date":"2021-03-23T21:56:59","date_gmt":"2021-03-23T20:56:59","guid":{"rendered":"http:\/\/thevisitorpanama.net\/esp\/?p=4094"},"modified":"2022-03-10T19:13:24","modified_gmt":"2022-03-10T18:13:24","slug":"4094","status":"publish","type":"post","link":"https:\/\/www.thevisitorpanama.info\/esp\/2021\/03\/23\/4094\/","title":{"rendered":"Se Elimina la Cuarentena Obligatoria para Viajes Internacionales entre Panam\u00e1 y Costa Rica"},"content":{"rendered":"\n<p>En el marco de la reuni\u00f3n Binacional Costa Rica &#8211; Panam\u00e1 &#8211; Regi\u00f3n Occidental, realizada el pasado s\u00e1bado 20 de marzo,  se reunieron la C\u00e1mara de Comercio, Industria y Turismo de los Cantones del Sur (CADECO), la Agencia para el Desarrollo de la Zona Sur, ambas en Costa Rica, la C\u00e1mara de Comercio, Industria, Agricultura y Turismo de Chiriqu\u00ed (CAMCHI), la C\u00e1mara de Turismo de Bocas del Toro (CAMTUR O) y el Centro de Competitividad de la Regi\u00f3n Occidental (CECOMRO). En la misma abordaron temas claves como la integraci\u00f3n econ\u00f3mica binacional y la apertura de la frontera de ambos pa\u00edses donde pueda haber cirvulacion las 24 horas entre ambos pa\u00edses.<\/p>\n\n\n\n<p>Esta declaraci\u00f3n lleg\u00f3 con fuerza a las autoridades, que decieron abir el  paso terrestre entre ambos pa\u00edses. Esto significa que ya no ser\u00e1 necesario realizar una cuarentena obligatoria al viajar por v\u00eda terrestre entre Panam\u00e1 y Costa Rica.<\/p>\n\n\n\n<p>Esta nueva apertura es una bocanada de aire fresco para las econom\u00edas de ambos pa\u00edses quienes hist\u00f3ricamente han tenido lazos estrechos en todos los \u00e1mbitos tanto econ\u00f3micos como sociakes, as\u00ed como un intercambio cultural gracias al turismo. <\/p>\n","protected":false},"excerpt":{"rendered":"<p>En el marco de la reuni\u00f3n Binacional Costa Rica &#8211; Panam\u00e1 &#8211; Regi\u00f3n Occidental, realizada el pasado s\u00e1bado 20 de marzo, se reunieron la C\u00e1mara de Comercio, Industria y Turismo de los Cantones del Sur (CADECO), la Agencia para el Desarrollo de la Zona Sur, ambas en Costa Rica, la C\u00e1mara de Comercio, Industria, Agricultura [&hellip;]<\/p>\n","protected":false},"author":1,"featured_media":8803,"comment_status":"open","ping_status":"open","sticky":false,"template":"","format":"standard","meta":[],"categories":[44],"tags":[],"_links":{"self":[{"href":"https:\/\/www.thevisitorpanama.info\/esp\/wp-json\/wp\/v2\/posts\/4094"}],"collection":[{"href":"https:\/\/www.thevisitorpanama.info\/esp\/wp-json\/wp\/v2\/posts"}],"about":[{"href":"https:\/\/www.thevisitorpanama.info\/esp\/wp-json\/wp\/v2\/types\/post"}],"author":[{"embeddable":true,"href":"https:\/\/www.thevisitorpanama.info\/esp\/wp-json\/wp\/v2\/users\/1"}],"replies":[{"embeddable":true,"href":"https:\/\/www.thevisitorpanama.info\/esp\/wp-json\/wp\/v2\/comments?post=4094"}],"version-history":[{"count":5,"href":"https:\/\/www.thevisitorpanama.info\/esp\/wp-json\/wp\/v2\/posts\/4094\/revisions"}],"predecessor-version":[{"id":4099,"href":"https:\/\/www.thevisitorpanama.info\/esp\/wp-json\/wp\/v2\/posts\/4094\/revisions\/4099"}],"wp:featuredmedia":[{"embeddable":true,"href":"https:\/\/www.thevisitorpanama.info\/esp\/wp-json\/wp\/v2\/media\/8803"}],"wp:attachment":[{"href":"https:\/\/www.thevisitorpanama.info\/esp\/wp-json\/wp\/v2\/media?parent=4094"}],"wp:term":[{"taxonomy":"category","embeddable":true,"href":"https:\/\/www.thevisitorpanama.info\/esp\/wp-json\/wp\/v2\/categories?post=4094"},{"taxonomy":"post_tag","embeddable":true,"href":"https:\/\/www.thevisitorpanama.info\/esp\/wp-json\/wp\/v2\/tags?post=4094"}],"curies":[{"name":"wp","href":"https:\/\/api.w.org\/{rel}","templated":true}]}}