{"id":4082,"date":"2021-03-20T22:37:19","date_gmt":"2021-03-20T21:37:19","guid":{"rendered":"http:\/\/thevisitorpanama.net\/esp\/?p=4082"},"modified":"2022-03-10T19:12:47","modified_gmt":"2022-03-10T18:12:47","slug":"museo-del-canal-reabre-al-publico-con-nueva-exposicion-y-sorpresas","status":"publish","type":"post","link":"https:\/\/www.thevisitorpanama.info\/esp\/2021\/03\/20\/museo-del-canal-reabre-al-publico-con-nueva-exposicion-y-sorpresas\/","title":{"rendered":"Museo del Canal Reabre al P\u00fablico con Nueva Exposici\u00f3n y Sorpresas"},"content":{"rendered":"\n<p>Las industrias creativas y culturales a nivel nacional iniciaron operaciones a partir del 15 de febrero. Siendo este sector, uno de los m\u00e1s afectados tras la pandemia.<\/p>\n\n\n\n<p>El Museo del Canal ubicado en la Plaza Catedral en Casco Antiguo, anunci\u00f3 que reabrir\u00e1 sus instalaciones al p\u00fablico el viernes 26 de marzo de 1 a 8 p.m. <\/p>\n\n\n\n<p>Entre las novedades que podr\u00e1n presenciar en la premisa &#8220;Sum\u00e9rgete en la Historia&#8221;, est\u00e1 una Sala Renovada estilo minimalista con una narrativa nueva y  piezas diferentes nunca antes vistas. Adem\u00e1s podr\u00e1n tener una experiencia virtual interactiva.<\/p>\n\n\n\n<p>Se expondr\u00e1n desde fotos in\u00e9ditas hasta fragmentos de un poema por manos de ascendencia antillana. Conocer\u00e1n m\u00e1s sobre las tradiciones de quienes construyeron la ruta que cambi\u00f3 al mundo (originarios de 97 pa\u00edses), su vida cotidiana y trabajo.<\/p>\n\n\n\n<p>Dicho recorrido se deber\u00e1 realizar apartando su reserva en el Link https:\/\/linktr.ee\/museodelcanal a partir del 21 de marzo, el que podr\u00e1 encontrar en su Instagram @museodelcanal <\/p>\n\n\n\n<p>Se cumplir\u00e1n las medidas de bioseguridad, control de aforo del 50% de la capacidad del museo, se implementar\u00e1 reserva anticipadas y los recorridos grupales no ser\u00e1n mayor de 10 personas conservando el distanciamiento social.<\/p>\n\n\n\n<p>Para mayor informaci\u00f3n sobre la reserva y valor de entrada de este evento, <br>\nentrar a su p\u00e1gina web a partir del 21 de marzo en www.museodelcanal.com <\/p>\n\n\n\n<h1>MuseodelCanal<\/h1>\n","protected":false},"excerpt":{"rendered":"<p>Las industrias creativas y culturales a nivel nacional iniciaron operaciones a partir del 15 de febrero. Siendo este sector, uno de los m\u00e1s afectados tras la pandemia. El Museo del Canal ubicado en la Plaza Catedral en Casco Antiguo, anunci\u00f3 que reabrir\u00e1 sus instalaciones al p\u00fablico el viernes 26 de marzo de 1 a 8 [&hellip;]<\/p>\n","protected":false},"author":1,"featured_media":8800,"comment_status":"open","ping_status":"open","sticky":false,"template":"","format":"standard","meta":[],"categories":[44],"tags":[],"_links":{"self":[{"href":"https:\/\/www.thevisitorpanama.info\/esp\/wp-json\/wp\/v2\/posts\/4082"}],"collection":[{"href":"https:\/\/www.thevisitorpanama.info\/esp\/wp-json\/wp\/v2\/posts"}],"about":[{"href":"https:\/\/www.thevisitorpanama.info\/esp\/wp-json\/wp\/v2\/types\/post"}],"author":[{"embeddable":true,"href":"https:\/\/www.thevisitorpanama.info\/esp\/wp-json\/wp\/v2\/users\/1"}],"replies":[{"embeddable":true,"href":"https:\/\/www.thevisitorpanama.info\/esp\/wp-json\/wp\/v2\/comments?post=4082"}],"version-history":[{"count":1,"href":"https:\/\/www.thevisitorpanama.info\/esp\/wp-json\/wp\/v2\/posts\/4082\/revisions"}],"predecessor-version":[{"id":4083,"href":"https:\/\/www.thevisitorpanama.info\/esp\/wp-json\/wp\/v2\/posts\/4082\/revisions\/4083"}],"wp:featuredmedia":[{"embeddable":true,"href":"https:\/\/www.thevisitorpanama.info\/esp\/wp-json\/wp\/v2\/media\/8800"}],"wp:attachment":[{"href":"https:\/\/www.thevisitorpanama.info\/esp\/wp-json\/wp\/v2\/media?parent=4082"}],"wp:term":[{"taxonomy":"category","embeddable":true,"href":"https:\/\/www.thevisitorpanama.info\/esp\/wp-json\/wp\/v2\/categories?post=4082"},{"taxonomy":"post_tag","embeddable":true,"href":"https:\/\/www.thevisitorpanama.info\/esp\/wp-json\/wp\/v2\/tags?post=4082"}],"curies":[{"name":"wp","href":"https:\/\/api.w.org\/{rel}","templated":true}]}}