{"id":4067,"date":"2021-03-18T01:00:34","date_gmt":"2021-03-18T00:00:34","guid":{"rendered":"http:\/\/thevisitorpanama.net\/esp\/?p=4067"},"modified":"2022-03-10T19:25:54","modified_gmt":"2022-03-10T18:25:54","slug":"4067","status":"publish","type":"post","link":"https:\/\/www.thevisitorpanama.info\/esp\/2021\/03\/18\/4067\/","title":{"rendered":"Panam\u00e1 Celebra el Mes de la Francofon\u00eda con Actividades Culturales Virtuales y Presenciales"},"content":{"rendered":"\n<p><\/p>\n\n\n\n<p>Como en otros a\u00f1os, los paname\u00f1os est\u00e1n anuentes del programa de actividades educativas y culturales a realizarse en marzo, en el mes de la Francofon\u00eda.<\/p>\n\n\n\n<p>Ser\u00e1n 14 actividades durante el mes de marzo 2021 del 8 al 25 de marzo, donde habr\u00e1n eventos virtuales como presenciales con las medidas de bioseguridad.  <\/p>\n\n\n\n<p>En este movimiento multicultural participar\u00e1n nueve Embajadas junto a la Alianza Francesa de Panam\u00e1, para celebrar dentro del marco del 51\u00b0 aniversario de la Francofon\u00eda, fiesta de la cultura franc\u00f3fona. Las representaciones diplom\u00e1ticas de los pa\u00edses de la Organizaci\u00f3n Internacional de la Francofon\u00eda (OIF) est\u00e1n representados en Panam\u00e1 por (Francia, B\u00e9lgica, Canad\u00e1, Costa Rica, Hait\u00ed, Kosovo, M\u00e9xico, Argentina y Marruecos).<\/p>\n\n\n\n<p>Entre los aliados est\u00e1n: La Ciudad del Saber, Suez, Zero Plastic Ocean, World Music Festival, La Subterr\u00e1nea Panam\u00e1, la Alianza Francesa de David y el Liceo Franc\u00e9s.<\/p>\n\n\n\n<p>La Francofon\u00eda es una de las grandes comunidades ling\u00fc\u00edsticas del mundo, que adem\u00e1s de tener una lengua en com\u00fan, comparte los valores humanistas transmitidos por la lengua francesa. La Organizaci\u00f3n Internacional de la Francofon\u00eda se dio como objetivo, con el idioma franc\u00e9s como herramienta, de apoyar la diversidad ling\u00fc\u00edstica y cultural, la paz, la democracia, la educaci\u00f3n y los derechos humanos.<\/p>\n\n\n\n<p>En esta edici\u00f3n tendr\u00e1n: Cine, documentales, conversatorios, exposici\u00f3n, artes esc\u00e9nicas y m\u00fasica. Disponibles en formato digital y adem\u00e1s en vivo.<\/p>\n\n\n\n<p>C\u00f3mo evento presencial, se puede destacar la exposici\u00f3n \u201cEmpieza y termina en el mar\u201d, Gina Martinez y Clandestino Lab, cuya inauguraci\u00f3n se tiene contemplado el martes 16 de marzo en la Alianza Francesa a las 6.00pm.<\/p>\n\n\n\n<p>Mayor informaci\u00f3n escribir al E-mail: culturalaf@afpanama.org o seguir sus redes sociales: <br>\nIG: @alianzafrancesadepanama<br>\nFB: @alianzafrancesapanama<br>\nTW: @AlianzaFrPanama<\/p>\n\n\n\n<h1>Francofonia2021 #AlianzaFrancesa<\/h1>\n\n\n\n<h1>MesdelaFrancofonia #Panam\u00e1 #Francia<\/h1>\n","protected":false},"excerpt":{"rendered":"<p>Como en otros a\u00f1os, los paname\u00f1os est\u00e1n anuentes del programa de actividades educativas y culturales a realizarse en marzo, en el mes de la Francofon\u00eda. Ser\u00e1n 14 actividades durante el mes de marzo 2021 del 8 al 25 de marzo, donde habr\u00e1n eventos virtuales como presenciales con las medidas de bioseguridad. En este movimiento multicultural [&hellip;]<\/p>\n","protected":false},"author":1,"featured_media":8805,"comment_status":"open","ping_status":"open","sticky":false,"template":"","format":"standard","meta":[],"categories":[69],"tags":[],"_links":{"self":[{"href":"https:\/\/www.thevisitorpanama.info\/esp\/wp-json\/wp\/v2\/posts\/4067"}],"collection":[{"href":"https:\/\/www.thevisitorpanama.info\/esp\/wp-json\/wp\/v2\/posts"}],"about":[{"href":"https:\/\/www.thevisitorpanama.info\/esp\/wp-json\/wp\/v2\/types\/post"}],"author":[{"embeddable":true,"href":"https:\/\/www.thevisitorpanama.info\/esp\/wp-json\/wp\/v2\/users\/1"}],"replies":[{"embeddable":true,"href":"https:\/\/www.thevisitorpanama.info\/esp\/wp-json\/wp\/v2\/comments?post=4067"}],"version-history":[{"count":2,"href":"https:\/\/www.thevisitorpanama.info\/esp\/wp-json\/wp\/v2\/posts\/4067\/revisions"}],"predecessor-version":[{"id":4070,"href":"https:\/\/www.thevisitorpanama.info\/esp\/wp-json\/wp\/v2\/posts\/4067\/revisions\/4070"}],"wp:featuredmedia":[{"embeddable":true,"href":"https:\/\/www.thevisitorpanama.info\/esp\/wp-json\/wp\/v2\/media\/8805"}],"wp:attachment":[{"href":"https:\/\/www.thevisitorpanama.info\/esp\/wp-json\/wp\/v2\/media?parent=4067"}],"wp:term":[{"taxonomy":"category","embeddable":true,"href":"https:\/\/www.thevisitorpanama.info\/esp\/wp-json\/wp\/v2\/categories?post=4067"},{"taxonomy":"post_tag","embeddable":true,"href":"https:\/\/www.thevisitorpanama.info\/esp\/wp-json\/wp\/v2\/tags?post=4067"}],"curies":[{"name":"wp","href":"https:\/\/api.w.org\/{rel}","templated":true}]}}