{"id":4052,"date":"2021-03-17T01:55:59","date_gmt":"2021-03-17T00:55:59","guid":{"rendered":"http:\/\/thevisitorpanama.net\/esp\/?p=4052"},"modified":"2022-03-10T19:31:10","modified_gmt":"2022-03-10T18:31:10","slug":"emprendedoresreciben-capacitacion-para-la-confeccion-de-mascaras-de-diablos-tun-tun","status":"publish","type":"post","link":"https:\/\/www.thevisitorpanama.info\/esp\/2021\/03\/17\/emprendedoresreciben-capacitacion-para-la-confeccion-de-mascaras-de-diablos-tun-tun\/","title":{"rendered":"Emprendedores reciben Capacitaci\u00f3n para la Confecci\u00f3n de M\u00e1scaras de &#8220;Diablos Tun Tun&#8221;"},"content":{"rendered":"\n<p>El Ministerio de Cultura (MiCultura), dentro de las acciones que realiza en materia de educaci\u00f3n y capacitaci\u00f3n como parte de las estrategias Plan Colmena, realiz\u00f3 un taller de confecci\u00f3n de m\u00e1scaras de \u201cDiablos Tun Tun\u201d, beneficiando a 30 adultos de diferentes regiones del pa\u00eds, el cual fue ejecutado a trav\u00e9s de nuestras direcciones de Artesan\u00edas y Educaci\u00f3n Art\u00edstica. <\/p>\n\n\n\n<figure class=\"wp-block-image\"><img decoding=\"async\" loading=\"lazy\" width=\"1024\" height=\"682\" src=\"http:\/\/www.thevisitorpanama.info\/esp\/wp-content\/uploads\/2021\/03\/IMG-20210316-WA0058-1024x682-1.jpg\" alt=\"\" class=\"wp-image-8813\"\/><\/figure>\n\n\n\n<p>El taller que fue dictado por el profesor colonense Alexander Alarc\u00f3n, tuvo una duraci\u00f3n de 4 semanas, y se realiz\u00f3 de manera virtual, dentro de la programaci\u00f3n del verano cultural y que en esta ocasi\u00f3n se tom\u00f3 en cuenta a la poblaci\u00f3n adulta.<\/p>\n\n\n\n<p><\/p>\n\n\n\n<figure class=\"wp-block-image\"><img decoding=\"async\" loading=\"lazy\" width=\"1024\" height=\"682\" src=\"http:\/\/www.thevisitorpanama.info\/esp\/wp-content\/uploads\/2021\/03\/IMG-20210316-WA0054-1024x682-1.jpg\" alt=\"\" class=\"wp-image-8814\"\/><\/figure>\n\n\n\n<p>Los participantes se adiestraron en las principales t\u00e9cnicas para la elaboraci\u00f3n de estas m\u00e1scaras de \u201cDiablos Tun Tun\u201d caracter\u00edstico de los congos de Col\u00f3n, quienes utilizaron materiales reciclajes, con la finalidad de contribuir con el medio ambiente y hacer docencia a trav\u00e9s de las tres \u201cR\u201d: reducir, reciclar y reutilizar.<\/p>\n\n\n\n<figure class=\"wp-block-image\"><img decoding=\"async\" loading=\"lazy\" width=\"1024\" height=\"682\" src=\"http:\/\/www.thevisitorpanama.info\/esp\/wp-content\/uploads\/2021\/03\/IMG-20210316-WA0056-1024x682-1.jpg\" alt=\"\" class=\"wp-image-8815\"\/><\/figure>\n\n\n\n<p><\/p>\n\n\n\n<p>Como parte de la culminaci\u00f3n del mismo, 18 participantes, tuvieron la oportunidad a trav\u00e9s de la Direcci\u00f3n Nacional de Museos, de exhibir sus trabajos en el Museo de Arte Religioso Colonial, la cual fue acompa\u00f1ada por danzas y m\u00fasica de Congo, animando de esta manera a los visitantes que admiraron estas obras de arte, adem\u00e1s de recibir durante la actividad sus certificados de terminaci\u00f3n de curso.<\/p>\n\n\n\n<figure class=\"wp-block-image\"><img decoding=\"async\" loading=\"lazy\" width=\"1024\" height=\"682\" src=\"http:\/\/www.thevisitorpanama.info\/esp\/wp-content\/uploads\/2021\/03\/IMG-20210316-WA0053-1024x682-1.jpg\" alt=\"\" class=\"wp-image-8816\"\/><\/figure>\n\n\n\n<p><\/p>\n\n\n\n<p>Esta capacitaci\u00f3n se realiz\u00f3 con la finalidad de apoyar a los emprendedores que a trav\u00e9s de su talento y creatividad puedan ayudar a mejorar su econom\u00eda familiar. De acuerdo a Jaime Luna, pr\u00f3ximamente se estar\u00e1 anunciando uno de tembleques, cuya convocatoria ser\u00e1 anunciada a trav\u00e9s de las redes sociales de MiCultura.<\/p>\n\n\n\n<figure class=\"wp-block-image\"><img decoding=\"async\" loading=\"lazy\" width=\"1024\" height=\"682\" src=\"http:\/\/www.thevisitorpanama.info\/esp\/wp-content\/uploads\/2021\/03\/IMG-20210316-WA0055-1024x682-1.jpg\" alt=\"\" class=\"wp-image-8817\"\/><\/figure>\n\n\n\n<p><\/p>\n","protected":false},"excerpt":{"rendered":"<p>El Ministerio de Cultura (MiCultura), dentro de las acciones que realiza en materia de educaci\u00f3n y capacitaci\u00f3n como parte de las estrategias Plan Colmena, realiz\u00f3 un taller de confecci\u00f3n de m\u00e1scaras de \u201cDiablos Tun Tun\u201d, beneficiando a 30 adultos de diferentes regiones del pa\u00eds, el cual fue ejecutado a trav\u00e9s de nuestras direcciones de Artesan\u00edas [&hellip;]<\/p>\n","protected":false},"author":1,"featured_media":8811,"comment_status":"open","ping_status":"open","sticky":false,"template":"","format":"standard","meta":[],"categories":[44],"tags":[],"_links":{"self":[{"href":"https:\/\/www.thevisitorpanama.info\/esp\/wp-json\/wp\/v2\/posts\/4052"}],"collection":[{"href":"https:\/\/www.thevisitorpanama.info\/esp\/wp-json\/wp\/v2\/posts"}],"about":[{"href":"https:\/\/www.thevisitorpanama.info\/esp\/wp-json\/wp\/v2\/types\/post"}],"author":[{"embeddable":true,"href":"https:\/\/www.thevisitorpanama.info\/esp\/wp-json\/wp\/v2\/users\/1"}],"replies":[{"embeddable":true,"href":"https:\/\/www.thevisitorpanama.info\/esp\/wp-json\/wp\/v2\/comments?post=4052"}],"version-history":[{"count":6,"href":"https:\/\/www.thevisitorpanama.info\/esp\/wp-json\/wp\/v2\/posts\/4052\/revisions"}],"predecessor-version":[{"id":8818,"href":"https:\/\/www.thevisitorpanama.info\/esp\/wp-json\/wp\/v2\/posts\/4052\/revisions\/8818"}],"wp:featuredmedia":[{"embeddable":true,"href":"https:\/\/www.thevisitorpanama.info\/esp\/wp-json\/wp\/v2\/media\/8811"}],"wp:attachment":[{"href":"https:\/\/www.thevisitorpanama.info\/esp\/wp-json\/wp\/v2\/media?parent=4052"}],"wp:term":[{"taxonomy":"category","embeddable":true,"href":"https:\/\/www.thevisitorpanama.info\/esp\/wp-json\/wp\/v2\/categories?post=4052"},{"taxonomy":"post_tag","embeddable":true,"href":"https:\/\/www.thevisitorpanama.info\/esp\/wp-json\/wp\/v2\/tags?post=4052"}],"curies":[{"name":"wp","href":"https:\/\/api.w.org\/{rel}","templated":true}]}}