{"id":3813,"date":"2021-02-27T23:14:45","date_gmt":"2021-02-27T22:14:45","guid":{"rendered":"http:\/\/thevisitorpanama.net\/esp\/?p=3813"},"modified":"2022-03-10T21:36:30","modified_gmt":"2022-03-10T20:36:30","slug":"colon-y-su-gente-celebran-hoy-169-anos-de-fundacion-felicidades","status":"publish","type":"post","link":"https:\/\/www.thevisitorpanama.info\/esp\/2021\/02\/27\/colon-y-su-gente-celebran-hoy-169-anos-de-fundacion-felicidades\/","title":{"rendered":"Col\u00f3n y su Gente, Celebran Hoy, 169 a\u00f1os de Fundaci\u00f3n!   Felicidades"},"content":{"rendered":"\n<p>\u00a1Felicidades a la provincia de Col\u00f3n y su gente, por celebrar hoy 27 de febrero, sus  169 a\u00f1os de Fundaci\u00f3n!<\/p>\n\n\n\n<p>La provincia de Col\u00f3n fue uno de los primeros lugares de Tierra Firme visitado por Crist\u00f3bal Col\u00f3n durante su cuarto viaje. Situada en el Caribe, a la entrada del canal de Panam\u00e1, la provincia de Col\u00f3n es el principal puerto para el tr\u00e1fico de casi toda la mercanc\u00eda de importaci\u00f3n y reexportaci\u00f3n del pa\u00eds. <\/p>\n\n\n\n<p>Su fecha de Fundaci\u00f3n ha sido muy discutida. Para algunos fue el 27 de febrero de 1852 como se mantiene hoy en d\u00eda y para otros, aconteci\u00f3 el 29 de febrero de 1852 (a\u00f1o bisiesto). <br>\nNo obstante, a partir de 1928 se celebra la fecha, como la fecha oficial de la fundaci\u00f3n de la ciudad de Col\u00f3n. <\/p>\n\n\n\n<p>Entre las primeras motivaciones para reconocer este sitial como una provincia f\u00edsicamente, fue por servir como terminal del primer ferrocarril interoce\u00e1nico en Panam\u00e1 y el primer ferrocarril trasatl\u00e1ntico del mundo, en la \u00e9poca de la &#8220;Fiebre de Oro&#8221; de California. Col\u00f3n se convirti\u00f3 en la ruta m\u00e1s corta para los habitantes estadounidenses de la costa este, que pasaban para la costa oeste cruzando el Istmo de Panam\u00e1. Luego embarcaban en el oc\u00e9ano Pac\u00edfico hasta California.<\/p>\n\n\n\n<p>El terru\u00f1o atl\u00e1ntico fue conocido tambi\u00e9n<br>\nconocida como la &#8220;peque\u00f1a Jamaica&#8221; y en a\u00f1os posteriores como &#8220;La Tasita de Oro de Panam\u00e1&#8221;, y puede considerarse la segunda ciudad de la Rep\u00fablica, pero por su rol comercial.<\/p>\n\n\n\n<p>Hoy en d\u00eda la provincia &#8216;C3&#8217; como muchos de sus habitantes le dicen, es reconocida a nivel internacional por sus bellas costas, playas de aguas cristalinas atl\u00e1nticas, la alegr\u00eda de sus pobladores afrodescendientes en su mayor\u00eda, por su rica gastronom\u00eda afrocaribe\u00f1a con mucho marisco y saz\u00f3n multicultural, y por su colorida cultura adem\u00e1s de sus bailes congos. <\/p>\n\n\n\n<p>En verano no dejen de visitar playas como La Guaira, Langosta, Mar\u00eda Chiquita y un sitio de gran valor hist\u00f3rico como el Fuerte de Portobelo.<\/p>\n\n\n\n<p>\u00a1Felicidades Col\u00f3n! les desea The Visitor\/ El Visitante<\/p>\n","protected":false},"excerpt":{"rendered":"<p>\u00a1Felicidades a la provincia de Col\u00f3n y su gente, por celebrar hoy 27 de febrero, sus 169 a\u00f1os de Fundaci\u00f3n! La provincia de Col\u00f3n fue uno de los primeros lugares de Tierra Firme visitado por Crist\u00f3bal Col\u00f3n durante su cuarto viaje. Situada en el Caribe, a la entrada del canal de Panam\u00e1, la provincia de [&hellip;]<\/p>\n","protected":false},"author":1,"featured_media":8947,"comment_status":"open","ping_status":"open","sticky":false,"template":"","format":"standard","meta":[],"categories":[31],"tags":[],"_links":{"self":[{"href":"https:\/\/www.thevisitorpanama.info\/esp\/wp-json\/wp\/v2\/posts\/3813"}],"collection":[{"href":"https:\/\/www.thevisitorpanama.info\/esp\/wp-json\/wp\/v2\/posts"}],"about":[{"href":"https:\/\/www.thevisitorpanama.info\/esp\/wp-json\/wp\/v2\/types\/post"}],"author":[{"embeddable":true,"href":"https:\/\/www.thevisitorpanama.info\/esp\/wp-json\/wp\/v2\/users\/1"}],"replies":[{"embeddable":true,"href":"https:\/\/www.thevisitorpanama.info\/esp\/wp-json\/wp\/v2\/comments?post=3813"}],"version-history":[{"count":1,"href":"https:\/\/www.thevisitorpanama.info\/esp\/wp-json\/wp\/v2\/posts\/3813\/revisions"}],"predecessor-version":[{"id":3814,"href":"https:\/\/www.thevisitorpanama.info\/esp\/wp-json\/wp\/v2\/posts\/3813\/revisions\/3814"}],"wp:featuredmedia":[{"embeddable":true,"href":"https:\/\/www.thevisitorpanama.info\/esp\/wp-json\/wp\/v2\/media\/8947"}],"wp:attachment":[{"href":"https:\/\/www.thevisitorpanama.info\/esp\/wp-json\/wp\/v2\/media?parent=3813"}],"wp:term":[{"taxonomy":"category","embeddable":true,"href":"https:\/\/www.thevisitorpanama.info\/esp\/wp-json\/wp\/v2\/categories?post=3813"},{"taxonomy":"post_tag","embeddable":true,"href":"https:\/\/www.thevisitorpanama.info\/esp\/wp-json\/wp\/v2\/tags?post=3813"}],"curies":[{"name":"wp","href":"https:\/\/api.w.org\/{rel}","templated":true}]}}