{"id":3802,"date":"2021-02-25T18:42:11","date_gmt":"2021-02-25T17:42:11","guid":{"rendered":"http:\/\/thevisitorpanama.net\/esp\/?p=3802"},"modified":"2022-03-10T21:36:55","modified_gmt":"2022-03-10T20:36:55","slug":"expo-virtual-zona-libre-de-colon-a-realizarse-en-marzo-tendra-mas-de-200-expositores","status":"publish","type":"post","link":"https:\/\/www.thevisitorpanama.info\/esp\/2021\/02\/25\/expo-virtual-zona-libre-de-colon-a-realizarse-en-marzo-tendra-mas-de-200-expositores\/","title":{"rendered":"M\u00e1s de 200 Expositores tendr\u00e1 Expo Virtual Zona Libre de Col\u00f3n a Realizarse en Marzo"},"content":{"rendered":"\n<p>Del 1 al 5 de marzo se realizar\u00e1 la primera Expo Virtual Zona Libre de Col\u00f3n (ZLC), la primera feria comercial virtual multisectorial, donde encontrar\u00e1n 200 expositores con una amplia variedad de productos de consumo masivo, servicios log\u00edsticos de distribuci\u00f3n regional y de valor agregado.<\/p>\n\n\n\n<p>En la primera Expo Virtual ZLC tambi\u00e9n se desarrollar\u00e1n importantes actividades como la tercera Rueda de Negocios de la Zona Libre de Col\u00f3n; adem\u00e1s se podr\u00e1 conocer m\u00e1s sobre esta gran zona franca con las Conferencias Magistrales que se desarrollar\u00e1n durante los 5 d\u00edas de feria. La tercera Rueda de Negocios de la Zona Libre de Col\u00f3n, actividad que se realizar\u00e1 el 4 de marzo en el contexto de la primera Expo Virtual ZLC, contar\u00e1 con 100 empresas de la zona franca que estar\u00e1n disponibles para realizar citas de negocios de 15 minutos previamente programadas, con compradores que se hayan inscrito debidamente.Igualmente, en el contexto de la feria virtual, podr\u00e1 ver nueve (9) Conferencias Magistrales para conocer m\u00e1s a profundidad a la Zona Libre de Col\u00f3n como hub del comercio internacional. Estas conferencias estar\u00e1n a cargo de: Giovanni Ferrari, Gerente General de la ZLC; Ricardo Cerezo,  Asesor Legal de la ZLC; Mario Hoyte, Oficial de Cumplimiento de la ZLC; Jes\u00fas Guevara, Asesor de Gerencia de la ZLC; Olgalina de Quijada, Subgerente de la ZLC; Yenia D\u00edaz, Directora de Operaciones Comerciales de la ZLC; S.E. Carmen Gisela Vergara, Directora de ProPanam\u00e1; Edwin Chen, empresario y Presidente de la Asociaci\u00f3n de Usuarios de la ZLC; y del Dr. Marcelino Caballero, Subdirector de la Regional del Ministerio de Salud de Panam\u00e1.<br>\nPara las personas interesadas podr\u00e1n inscribirse como visitante en la p\u00e1gina web https:\/\/zoom.us\/webinar\/register\/WN_DbhvbrHpSZCWnWyPZUxtJA  y encuentre en su mismo continente los productos y\/o servicios que estaba buscando para su empresa o negocio. Lo esperamos en la 1ra Expo Virtual Zona Libre de Col\u00f3n.<\/p>\n","protected":false},"excerpt":{"rendered":"<p>Del 1 al 5 de marzo se realizar\u00e1 la primera Expo Virtual Zona Libre de Col\u00f3n (ZLC), la primera feria comercial virtual multisectorial, donde encontrar\u00e1n 200 expositores con una amplia variedad de productos de consumo masivo, servicios log\u00edsticos de distribuci\u00f3n regional y de valor agregado. En la primera Expo Virtual ZLC tambi\u00e9n se desarrollar\u00e1n importantes [&hellip;]<\/p>\n","protected":false},"author":1,"featured_media":8949,"comment_status":"open","ping_status":"open","sticky":false,"template":"","format":"standard","meta":[],"categories":[44],"tags":[],"_links":{"self":[{"href":"https:\/\/www.thevisitorpanama.info\/esp\/wp-json\/wp\/v2\/posts\/3802"}],"collection":[{"href":"https:\/\/www.thevisitorpanama.info\/esp\/wp-json\/wp\/v2\/posts"}],"about":[{"href":"https:\/\/www.thevisitorpanama.info\/esp\/wp-json\/wp\/v2\/types\/post"}],"author":[{"embeddable":true,"href":"https:\/\/www.thevisitorpanama.info\/esp\/wp-json\/wp\/v2\/users\/1"}],"replies":[{"embeddable":true,"href":"https:\/\/www.thevisitorpanama.info\/esp\/wp-json\/wp\/v2\/comments?post=3802"}],"version-history":[{"count":2,"href":"https:\/\/www.thevisitorpanama.info\/esp\/wp-json\/wp\/v2\/posts\/3802\/revisions"}],"predecessor-version":[{"id":3805,"href":"https:\/\/www.thevisitorpanama.info\/esp\/wp-json\/wp\/v2\/posts\/3802\/revisions\/3805"}],"wp:featuredmedia":[{"embeddable":true,"href":"https:\/\/www.thevisitorpanama.info\/esp\/wp-json\/wp\/v2\/media\/8949"}],"wp:attachment":[{"href":"https:\/\/www.thevisitorpanama.info\/esp\/wp-json\/wp\/v2\/media?parent=3802"}],"wp:term":[{"taxonomy":"category","embeddable":true,"href":"https:\/\/www.thevisitorpanama.info\/esp\/wp-json\/wp\/v2\/categories?post=3802"},{"taxonomy":"post_tag","embeddable":true,"href":"https:\/\/www.thevisitorpanama.info\/esp\/wp-json\/wp\/v2\/tags?post=3802"}],"curies":[{"name":"wp","href":"https:\/\/api.w.org\/{rel}","templated":true}]}}