{"id":3758,"date":"2021-02-15T21:51:41","date_gmt":"2021-02-15T20:51:41","guid":{"rendered":"http:\/\/thevisitorpanama.net\/esp\/?p=3758"},"modified":"2022-03-10T21:47:52","modified_gmt":"2022-03-10T20:47:52","slug":"flexibilizan-medidas-sanitarias-para-garantizar-la-reapertura-de-negocios-turisticos-y-de-servicio","status":"publish","type":"post","link":"https:\/\/www.thevisitorpanama.info\/esp\/2021\/02\/15\/flexibilizan-medidas-sanitarias-para-garantizar-la-reapertura-de-negocios-turisticos-y-de-servicio\/","title":{"rendered":"Flexibilizan Medidas Sanitarias para Garantizar la Reapertura de Negocios Tur\u00edsticos y de Servicio"},"content":{"rendered":"\n<p>A partir de hoy lunes 15 de febrero, empezar\u00e1 a regir las nuevas medidas sanitarias para reactivar la econom\u00eda de forma gradual, a la vez que se garantice cortar la cadena de contagios de Covid-19 con las restricciones de bioseguridad. <br>\nEl sector tur\u00edstico retoma las esperanzas de recuperarse en esta segunda reapertura, con la extensi\u00f3n de horario de atenci\u00f3n en los restaurantes hasta las 9 de la noche. Se permitir\u00e1 que los restaurantes y bares puedan abrir tanto en la ciudad de Panam\u00e1 y Panam\u00e1 Oeste, una hora y media adicional, beneficiando a negocios colaterales como los del sector de hospedajes, tours operadores, ventas al por menor de artesan\u00edas y souvenirs entre otros. <br>\nDe esta manera los negocios ubicados en la urbe capitalina cuya mayor afluencia de clientes oscila rondando las 7 de la noche, podr\u00e1n recibir a los comensales en sus establecimientos y atenderlos sin temor a ser sancionados. Tambi\u00e9n podr\u00e1n servir bebidas alcoh\u00f3licas \u00fanicamente como acompa\u00f1amiento de la comida. <br>\nPor otra parte, las playas, r\u00edos y balnearios podr\u00e1n recibir visitas de lunes a viernes entre las 6:00 am \u2013 5:00 pm (extensi\u00f3n de una hora), en las provincias de Panam\u00e1, Panam\u00e1 Oeste, Cocl\u00e9, Los Santos y Herrera. En el caso de las provincias de Col\u00f3n, Comarcas, Dari\u00e9n y bocas del Toro, regir\u00e1 el mismo horario pero de lunes a domingo. <br>\nQuienes deseen viajar al interior esta semana para visitar los puntos tur\u00edsticos sin mayor contratiempos en el trayecto, deben tomar en cuenta que a partir del mi\u00e9rcoles 17 de febrero desde las 4:00 am se levantar\u00e1 el cerco sanitario ubicado en Capira. No obstante se establecer\u00e1 un puesto de control en ese sector, similares a los otros ya existentes a nivel nacional, donde se realizar\u00e1n pruebas de Covid-19 de manera aleatoria. <br>\nEl fin de semana del 21 y 22 de febrero queda suspendida ciertas actividades religiosas y culturales que generen aglomeraci\u00f3n, como la peregrinaci\u00f3n y procesi\u00f3n del Jes\u00fas Nazareno de Atalaya en Veraguas. <br>\nOtros sectores de servicios que podr\u00e1n operar a partir del lunes 15 de febrero, est\u00e1n las industrias creativas y culturales (con excepci\u00f3n de los cines), lava autos, sastrer\u00edas y zapater\u00edas. El toque de queda empezar\u00e1  a regir desde las 10 de la noche hasta las 4 de la madrugada.<\/p>\n","protected":false},"excerpt":{"rendered":"<p>A partir de hoy lunes 15 de febrero, empezar\u00e1 a regir las nuevas medidas sanitarias para reactivar la econom\u00eda de forma gradual, a la vez que se garantice cortar la cadena de contagios de Covid-19 con las restricciones de bioseguridad. El sector tur\u00edstico retoma las esperanzas de recuperarse en esta segunda reapertura, con la extensi\u00f3n [&hellip;]<\/p>\n","protected":false},"author":1,"featured_media":8959,"comment_status":"open","ping_status":"open","sticky":false,"template":"","format":"standard","meta":[],"categories":[44],"tags":[],"_links":{"self":[{"href":"https:\/\/www.thevisitorpanama.info\/esp\/wp-json\/wp\/v2\/posts\/3758"}],"collection":[{"href":"https:\/\/www.thevisitorpanama.info\/esp\/wp-json\/wp\/v2\/posts"}],"about":[{"href":"https:\/\/www.thevisitorpanama.info\/esp\/wp-json\/wp\/v2\/types\/post"}],"author":[{"embeddable":true,"href":"https:\/\/www.thevisitorpanama.info\/esp\/wp-json\/wp\/v2\/users\/1"}],"replies":[{"embeddable":true,"href":"https:\/\/www.thevisitorpanama.info\/esp\/wp-json\/wp\/v2\/comments?post=3758"}],"version-history":[{"count":1,"href":"https:\/\/www.thevisitorpanama.info\/esp\/wp-json\/wp\/v2\/posts\/3758\/revisions"}],"predecessor-version":[{"id":3759,"href":"https:\/\/www.thevisitorpanama.info\/esp\/wp-json\/wp\/v2\/posts\/3758\/revisions\/3759"}],"wp:featuredmedia":[{"embeddable":true,"href":"https:\/\/www.thevisitorpanama.info\/esp\/wp-json\/wp\/v2\/media\/8959"}],"wp:attachment":[{"href":"https:\/\/www.thevisitorpanama.info\/esp\/wp-json\/wp\/v2\/media?parent=3758"}],"wp:term":[{"taxonomy":"category","embeddable":true,"href":"https:\/\/www.thevisitorpanama.info\/esp\/wp-json\/wp\/v2\/categories?post=3758"},{"taxonomy":"post_tag","embeddable":true,"href":"https:\/\/www.thevisitorpanama.info\/esp\/wp-json\/wp\/v2\/tags?post=3758"}],"curies":[{"name":"wp","href":"https:\/\/api.w.org\/{rel}","templated":true}]}}