{"id":3750,"date":"2021-02-13T03:10:12","date_gmt":"2021-02-13T02:10:12","guid":{"rendered":"http:\/\/thevisitorpanama.net\/esp\/?p=3750"},"modified":"2022-03-10T21:47:40","modified_gmt":"2022-03-10T20:47:40","slug":"aerolineas-consideran-el-2021-como-el-ano-de-la-recuperacion-de-la-industria","status":"publish","type":"post","link":"https:\/\/www.thevisitorpanama.info\/esp\/2021\/02\/13\/aerolineas-consideran-el-2021-como-el-ano-de-la-recuperacion-de-la-industria\/","title":{"rendered":"Aerol\u00edneas Consideran el 2021 como el A\u00f1o de la Recuperaci\u00f3n de la Industria"},"content":{"rendered":"\n<p>Aerol\u00edneas consideran el 2021 como el a\u00f1o de recuperaci\u00f3n<br>\nEl a\u00f1o 2021 ser\u00e1 un a\u00f1o de recuperaci\u00f3n para el sector del Transporte A\u00e9reo, muy golpeado durante el 2020 por la pandemia de COVID-19 que paraliz\u00f3 por casi 7 meses los vuelos en Panam\u00e1.<\/p>\n\n\n\n<p>La anuncio se dio durante el acto de juramentaci\u00f3n de la nueva Junta Directiva de la Asociaci\u00f3n de L\u00edneas A\u00e9reas de Panam\u00e1 (ALAP) correspondiente al per\u00edodo 2021. La nueva Junta Directiva cuenta con representantes de l\u00edneas a\u00e9reas de Latinoam\u00e9rica, Norteam\u00e9rica y Europa que mantienen operaciones en Panam\u00e1.<\/p>\n\n\n\n<p>\u201c2020 fue un a\u00f1o desafiante para la industria de aviaci\u00f3n en Panam\u00e1 y a nivel mundial. Sin embargo, trabajando en equipo \u2013 aerol\u00edneas, gremios y autoridades \u2013 logramos tomar pasos firmes para estabilizar e iniciar la reactivaci\u00f3n del sector de Transporte A\u00e9reo. Ahora en 2021, nos toca profundizar a\u00fan m\u00e1s la colaboraci\u00f3n entre todos los actores del sector, para impulsar y consolidar la reactivaci\u00f3n de la aviaci\u00f3n, que a su vez impulsar\u00e1 la recuperaci\u00f3n de empleos y beneficios econ\u00f3micos para el pa\u00eds\u201d, coment\u00f3 Pablo de la Guardia, presidente de la Junta Directiva de ALAP.<\/p>\n\n\n\n<p>\u201cEl trabajo en equipo entre IATA y ALAP ha permitido, entre otros importantes logros, la reapertura exitosa del transporte a\u00e9reo internacional en Panam\u00e1 siguiendo estrictos protocolos de bioseguridad. Tambi\u00e9n ha permitido tener una excelente comunicaci\u00f3n y colaboraci\u00f3n con el estado.  La nueva Junta Directiva se enfocar\u00e1 en fortalecer el trabajo en equipo con diversas autoridades gubernamentales del sector y sanitarias, y con dem\u00e1s gremios del sector, para impulsar el crecimiento y desarrollo de la industria del Transporte A\u00e9reo y Turismo en Panam\u00e1.<\/p>\n","protected":false},"excerpt":{"rendered":"<p>Aerol\u00edneas consideran el 2021 como el a\u00f1o de recuperaci\u00f3n El a\u00f1o 2021 ser\u00e1 un a\u00f1o de recuperaci\u00f3n para el sector del Transporte A\u00e9reo, muy golpeado durante el 2020 por la pandemia de COVID-19 que paraliz\u00f3 por casi 7 meses los vuelos en Panam\u00e1. La anuncio se dio durante el acto de juramentaci\u00f3n de la nueva [&hellip;]<\/p>\n","protected":false},"author":1,"featured_media":8957,"comment_status":"open","ping_status":"open","sticky":false,"template":"","format":"standard","meta":[],"categories":[44],"tags":[],"_links":{"self":[{"href":"https:\/\/www.thevisitorpanama.info\/esp\/wp-json\/wp\/v2\/posts\/3750"}],"collection":[{"href":"https:\/\/www.thevisitorpanama.info\/esp\/wp-json\/wp\/v2\/posts"}],"about":[{"href":"https:\/\/www.thevisitorpanama.info\/esp\/wp-json\/wp\/v2\/types\/post"}],"author":[{"embeddable":true,"href":"https:\/\/www.thevisitorpanama.info\/esp\/wp-json\/wp\/v2\/users\/1"}],"replies":[{"embeddable":true,"href":"https:\/\/www.thevisitorpanama.info\/esp\/wp-json\/wp\/v2\/comments?post=3750"}],"version-history":[{"count":1,"href":"https:\/\/www.thevisitorpanama.info\/esp\/wp-json\/wp\/v2\/posts\/3750\/revisions"}],"predecessor-version":[{"id":3751,"href":"https:\/\/www.thevisitorpanama.info\/esp\/wp-json\/wp\/v2\/posts\/3750\/revisions\/3751"}],"wp:featuredmedia":[{"embeddable":true,"href":"https:\/\/www.thevisitorpanama.info\/esp\/wp-json\/wp\/v2\/media\/8957"}],"wp:attachment":[{"href":"https:\/\/www.thevisitorpanama.info\/esp\/wp-json\/wp\/v2\/media?parent=3750"}],"wp:term":[{"taxonomy":"category","embeddable":true,"href":"https:\/\/www.thevisitorpanama.info\/esp\/wp-json\/wp\/v2\/categories?post=3750"},{"taxonomy":"post_tag","embeddable":true,"href":"https:\/\/www.thevisitorpanama.info\/esp\/wp-json\/wp\/v2\/tags?post=3750"}],"curies":[{"name":"wp","href":"https:\/\/api.w.org\/{rel}","templated":true}]}}