{"id":3534,"date":"2021-01-25T00:01:23","date_gmt":"2021-01-24T23:01:23","guid":{"rendered":"http:\/\/thevisitorpanama.net\/esp\/?p=3534"},"modified":"2022-03-10T22:26:59","modified_gmt":"2022-03-10T21:26:59","slug":"asociacion-de-restaurantes-y-afines-exigen-medidas-coherentes-al-gobierno-en-la-reactivacion-del-sector","status":"publish","type":"post","link":"https:\/\/www.thevisitorpanama.info\/esp\/2021\/01\/25\/asociacion-de-restaurantes-y-afines-exigen-medidas-coherentes-al-gobierno-en-la-reactivacion-del-sector\/","title":{"rendered":"Asociaci\u00f3n de Restaurantes y Afines Exigen Medidas Coherentes al Gobierno en la Reactivaci\u00f3n del Sector"},"content":{"rendered":"\n<p>En un comunicado en el d\u00eda de hoy, Domingo De Obaldia, Presidente de la Asociaci\u00f3n de Restaurantes y Afines de Panam\u00e1 (ARAP) comunic\u00f3 a las autoridades y p\u00fablico en general el sentir de todo el Gremio ante la crisis que vive la Industria a causa de las medidas tomadas por las autoridades a causa de la pandemia generada por el Covid-19.<\/p>\n\n\n\n<p><br> De Obaldia comunic\u00f3 de forma en\u00e9rgica y directa &#8220;lo \u00fanico que ha hecho elegantemente el gobierno es pedirnos las llaves.  Y se le entregar\u00e1n las llaves del sector, de muchos restaurantes de este pa\u00eds, y espero tambi\u00e9n, que honren, a todas las personas que les debemos, porque vamos a quedar: cerrados, sin dinero y con deudas&#8221;.<br>Para ARAP  no es coherente que est\u00e9n abiertos entre  12 a 14 actividades econ\u00f3micas sin distinci\u00f3n de g\u00e9nero, ni l\u00edmite de horario, y no tienen forma de ir a un restaurante a comer.  <\/p>\n\n\n\n<p>El Gremio indica que el gobierno ser\u00e1 el causante que el 40% de los 2,000 restaurantes que hay en el gremio cierren para siempre, dejando sin empleo a un elevado porcentaje de las 17,000 personas que trabajan  directamente en el sector, que tambi\u00e9n apoya de forma importante a las industrias del agro y la pesca en todo el pais.<\/p>\n\n\n\n<p>Exigen medidas coherentes en la reactivaci\u00f3n del ector para mantener en sus puestos a quienes trabajan en el sector. <\/p>\n","protected":false},"excerpt":{"rendered":"<p>En un comunicado en el d\u00eda de hoy, Domingo De Obaldia, Presidente de la Asociaci\u00f3n de Restaurantes y Afines de Panam\u00e1 (ARAP) comunic\u00f3 a las autoridades y p\u00fablico en general el sentir de todo el Gremio ante la crisis que vive la Industria a causa de las medidas tomadas por las autoridades a causa de [&hellip;]<\/p>\n","protected":false},"author":1,"featured_media":9075,"comment_status":"open","ping_status":"open","sticky":false,"template":"","format":"standard","meta":[],"categories":[44],"tags":[],"_links":{"self":[{"href":"https:\/\/www.thevisitorpanama.info\/esp\/wp-json\/wp\/v2\/posts\/3534"}],"collection":[{"href":"https:\/\/www.thevisitorpanama.info\/esp\/wp-json\/wp\/v2\/posts"}],"about":[{"href":"https:\/\/www.thevisitorpanama.info\/esp\/wp-json\/wp\/v2\/types\/post"}],"author":[{"embeddable":true,"href":"https:\/\/www.thevisitorpanama.info\/esp\/wp-json\/wp\/v2\/users\/1"}],"replies":[{"embeddable":true,"href":"https:\/\/www.thevisitorpanama.info\/esp\/wp-json\/wp\/v2\/comments?post=3534"}],"version-history":[{"count":2,"href":"https:\/\/www.thevisitorpanama.info\/esp\/wp-json\/wp\/v2\/posts\/3534\/revisions"}],"predecessor-version":[{"id":3536,"href":"https:\/\/www.thevisitorpanama.info\/esp\/wp-json\/wp\/v2\/posts\/3534\/revisions\/3536"}],"wp:featuredmedia":[{"embeddable":true,"href":"https:\/\/www.thevisitorpanama.info\/esp\/wp-json\/wp\/v2\/media\/9075"}],"wp:attachment":[{"href":"https:\/\/www.thevisitorpanama.info\/esp\/wp-json\/wp\/v2\/media?parent=3534"}],"wp:term":[{"taxonomy":"category","embeddable":true,"href":"https:\/\/www.thevisitorpanama.info\/esp\/wp-json\/wp\/v2\/categories?post=3534"},{"taxonomy":"post_tag","embeddable":true,"href":"https:\/\/www.thevisitorpanama.info\/esp\/wp-json\/wp\/v2\/tags?post=3534"}],"curies":[{"name":"wp","href":"https:\/\/api.w.org\/{rel}","templated":true}]}}