{"id":2955,"date":"2020-11-17T21:52:34","date_gmt":"2020-11-17T20:52:34","guid":{"rendered":"http:\/\/thevisitorpanama.net\/esp\/?p=2955"},"modified":"2022-03-15T17:15:34","modified_gmt":"2022-03-15T16:15:34","slug":"el-mercado-artesanal-de-panama-abrio-sus-puertas-a-los-visitantes","status":"publish","type":"post","link":"https:\/\/www.thevisitorpanama.info\/esp\/2020\/11\/17\/el-mercado-artesanal-de-panama-abrio-sus-puertas-a-los-visitantes\/","title":{"rendered":"El Mercado Artesanal de Panam\u00e1 Reabre sus Puertas a los Visitantes"},"content":{"rendered":"\n<p>El Ministerio de Cultura, a trav\u00e9s de su Direcci\u00f3n Nacional de Artesan\u00edas, anunci\u00f3 que desde este lunes 16 de noviembre estar\u00e1 a disposici\u00f3n de los visitantes nacionales y extranjeros el Mercado Artesanal de Panam\u00e1 Viejo ofreciendo los mejores productos artesanales cumpliendo con todas las medidas de bioseguridad, que exigen nuestras autoridades de salud.<\/p>\n\n\n\n<figure class=\"wp-block-image\"><img decoding=\"async\" loading=\"lazy\" width=\"768\" height=\"1024\" src=\"http:\/\/www.thevisitorpanama.info\/esp\/wp-content\/uploads\/2020\/11\/IMG-20201117-WA0049-768x1024-1.jpg\" alt=\"\" class=\"wp-image-9332\"\/><\/figure>\n\n\n\n<p><br>Jaime Luna, director nacional de artesan\u00edas indic\u00f3 que se estar\u00e1 supervisando la ejecuci\u00f3n de las normas de salubridad en cuanto a la limpieza de los locales, as\u00ed como el uso correcto de mascarillas, alcohol, gel alcoholado y dem\u00e1s enseres que ayudan a protegernos contra el Covid-19 para nuestros clientes, y artesanos cuenten con un ambiente seguro y confiable.&nbsp;<br>\u201cPor nuestra parte ya hemos adecuado el lugar con todas las medidas higi\u00e9nicas necesarias para recibir a los visitantes de manera responsable, por lo que los exhortamos a apoyar el talento de estas manos creativas que mediante sus productos reflejan esa identidad nacional&#8221;, afirm\u00f3 Luna.&nbsp;<\/p>\n\n\n\n<figure class=\"wp-block-image\"><img decoding=\"async\" loading=\"lazy\" width=\"1024\" height=\"768\" src=\"http:\/\/www.thevisitorpanama.info\/esp\/wp-content\/uploads\/2020\/11\/IMG-20201117-WA0030-2.jpg\" alt=\"\" class=\"wp-image-9333\"\/><\/figure>\n\n\n\n<p><br>El Mercado Artesanal de Panam\u00e1 Viejo abrir\u00e1 sus puertas en horario de 9:00 a.m. a 5:00 p.m., de lunes a s\u00e1bado, contando con 45 puestos que les brindar\u00e1n diversas artesan\u00edas folkl\u00f3ricas y de todas las etnias creadas con amor por artesanos paname\u00f1os que buscan preservar su cultura a trav\u00e9s del arte.<br>Este recinto que fue inaugurado en 2011, se cre\u00f3 buscando mejorar y facilitar las condiciones de trabajo de los artesanos y, a la vez, generar un nuevo atractivo tur\u00edstico para los visitantes, complementando de esta manera la visita al Conjunto Monumental de Panam\u00e1 Viejo.<br><\/p>\n\n\n\n<figure class=\"wp-block-image\"><img decoding=\"async\" loading=\"lazy\" width=\"1024\" height=\"768\" src=\"http:\/\/www.thevisitorpanama.info\/esp\/wp-content\/uploads\/2020\/11\/IMG-20201117-WA0033-1.jpg\" alt=\"\" class=\"wp-image-9334\"\/><\/figure>\n\n\n\n<p><\/p>\n","protected":false},"excerpt":{"rendered":"<p>El Ministerio de Cultura, a trav\u00e9s de su Direcci\u00f3n Nacional de Artesan\u00edas, anunci\u00f3 que desde este lunes 16 de noviembre estar\u00e1 a disposici\u00f3n de los visitantes nacionales y extranjeros el Mercado Artesanal de Panam\u00e1 Viejo ofreciendo los mejores productos artesanales cumpliendo con todas las medidas de bioseguridad, que exigen nuestras autoridades de salud. Jaime Luna, [&hellip;]<\/p>\n","protected":false},"author":1,"featured_media":9331,"comment_status":"open","ping_status":"open","sticky":false,"template":"","format":"standard","meta":[],"categories":[44],"tags":[],"_links":{"self":[{"href":"https:\/\/www.thevisitorpanama.info\/esp\/wp-json\/wp\/v2\/posts\/2955"}],"collection":[{"href":"https:\/\/www.thevisitorpanama.info\/esp\/wp-json\/wp\/v2\/posts"}],"about":[{"href":"https:\/\/www.thevisitorpanama.info\/esp\/wp-json\/wp\/v2\/types\/post"}],"author":[{"embeddable":true,"href":"https:\/\/www.thevisitorpanama.info\/esp\/wp-json\/wp\/v2\/users\/1"}],"replies":[{"embeddable":true,"href":"https:\/\/www.thevisitorpanama.info\/esp\/wp-json\/wp\/v2\/comments?post=2955"}],"version-history":[{"count":5,"href":"https:\/\/www.thevisitorpanama.info\/esp\/wp-json\/wp\/v2\/posts\/2955\/revisions"}],"predecessor-version":[{"id":9335,"href":"https:\/\/www.thevisitorpanama.info\/esp\/wp-json\/wp\/v2\/posts\/2955\/revisions\/9335"}],"wp:featuredmedia":[{"embeddable":true,"href":"https:\/\/www.thevisitorpanama.info\/esp\/wp-json\/wp\/v2\/media\/9331"}],"wp:attachment":[{"href":"https:\/\/www.thevisitorpanama.info\/esp\/wp-json\/wp\/v2\/media?parent=2955"}],"wp:term":[{"taxonomy":"category","embeddable":true,"href":"https:\/\/www.thevisitorpanama.info\/esp\/wp-json\/wp\/v2\/categories?post=2955"},{"taxonomy":"post_tag","embeddable":true,"href":"https:\/\/www.thevisitorpanama.info\/esp\/wp-json\/wp\/v2\/tags?post=2955"}],"curies":[{"name":"wp","href":"https:\/\/api.w.org\/{rel}","templated":true}]}}