{"id":2890,"date":"2020-11-08T21:08:45","date_gmt":"2020-11-08T20:08:45","guid":{"rendered":"http:\/\/thevisitorpanama.net\/esp\/?p=2890"},"modified":"2022-03-15T17:27:36","modified_gmt":"2022-03-15T16:27:36","slug":"ante-las-afectaciones-por-el-huracan-eta-terpel-apoya-reactivacion-de-la-provincia-de-bocas","status":"publish","type":"post","link":"https:\/\/www.thevisitorpanama.info\/esp\/2020\/11\/08\/ante-las-afectaciones-por-el-huracan-eta-terpel-apoya-reactivacion-de-la-provincia-de-bocas\/","title":{"rendered":"Ante las Afectaciones por el Hurac\u00e1n Eta, Terpel Apoya Reactivaci\u00f3n de la Provincia de Bocas"},"content":{"rendered":"\n<p>Terpel: Aliada de Bocas del Toro<br>En la noche del s\u00e1bado 7 de noviembre lleg\u00f3 a Bocas del Toro el primer convoy con combustible Terpel para asegurar el abastecimiento de la provincia, beneficiando a m\u00e1s de 200.000 bocatore\u00f1os.&nbsp;<\/p>\n\n\n\n<figure class=\"wp-block-image\"><img decoding=\"async\" loading=\"lazy\" width=\"1024\" height=\"1024\" src=\"http:\/\/www.thevisitorpanama.info\/esp\/wp-content\/uploads\/2020\/11\/IMG-20201108-WA0018-1024x1024-1.jpg\" alt=\"\" class=\"wp-image-9360\" srcset=\"https:\/\/www.thevisitorpanama.info\/esp\/wp-content\/uploads\/2020\/11\/IMG-20201108-WA0018-1024x1024-1.jpg 1024w, https:\/\/www.thevisitorpanama.info\/esp\/wp-content\/uploads\/2020\/11\/IMG-20201108-WA0018-1024x1024-1-150x150.jpg 150w\" sizes=\"(max-width: 1024px) 100vw, 1024px\" \/><\/figure>\n\n\n\n<p><br>Tras las fuertes afectaciones generadas por el paso del hurac\u00e1n ETA Terpel, c\u00f3mo Aliada Pa\u00eds, reafirma su compromiso con la reactivaci\u00f3n de la provincia, actuando en equipo ante situaciones de crisis, en funci\u00f3n del servicio de inter\u00e9s p\u00fablico brindado.<\/p>\n\n\n\n<figure class=\"wp-block-image\"><img decoding=\"async\" loading=\"lazy\" width=\"1024\" height=\"1024\" src=\"http:\/\/www.thevisitorpanama.info\/esp\/wp-content\/uploads\/2020\/11\/IMG-20201108-WA0015-1024x1024-1.jpg\" alt=\"\" class=\"wp-image-9361\" srcset=\"https:\/\/www.thevisitorpanama.info\/esp\/wp-content\/uploads\/2020\/11\/IMG-20201108-WA0015-1024x1024-1.jpg 1024w, https:\/\/www.thevisitorpanama.info\/esp\/wp-content\/uploads\/2020\/11\/IMG-20201108-WA0015-1024x1024-1-150x150.jpg 150w\" sizes=\"(max-width: 1024px) 100vw, 1024px\" \/><\/figure>\n\n\n\n<p>La vocaci\u00f3n de servicio est\u00e1 en el ADN de Terpel.<\/p>\n\n\n\n<p> <\/p>\n","protected":false},"excerpt":{"rendered":"<p>Terpel: Aliada de Bocas del ToroEn la noche del s\u00e1bado 7 de noviembre lleg\u00f3 a Bocas del Toro el primer convoy con combustible Terpel para asegurar el abastecimiento de la provincia, beneficiando a m\u00e1s de 200.000 bocatore\u00f1os.&nbsp; Tras las fuertes afectaciones generadas por el paso del hurac\u00e1n ETA Terpel, c\u00f3mo Aliada Pa\u00eds, reafirma su compromiso [&hellip;]<\/p>\n","protected":false},"author":1,"featured_media":9359,"comment_status":"open","ping_status":"open","sticky":false,"template":"","format":"standard","meta":[],"categories":[44],"tags":[],"_links":{"self":[{"href":"https:\/\/www.thevisitorpanama.info\/esp\/wp-json\/wp\/v2\/posts\/2890"}],"collection":[{"href":"https:\/\/www.thevisitorpanama.info\/esp\/wp-json\/wp\/v2\/posts"}],"about":[{"href":"https:\/\/www.thevisitorpanama.info\/esp\/wp-json\/wp\/v2\/types\/post"}],"author":[{"embeddable":true,"href":"https:\/\/www.thevisitorpanama.info\/esp\/wp-json\/wp\/v2\/users\/1"}],"replies":[{"embeddable":true,"href":"https:\/\/www.thevisitorpanama.info\/esp\/wp-json\/wp\/v2\/comments?post=2890"}],"version-history":[{"count":3,"href":"https:\/\/www.thevisitorpanama.info\/esp\/wp-json\/wp\/v2\/posts\/2890\/revisions"}],"predecessor-version":[{"id":9362,"href":"https:\/\/www.thevisitorpanama.info\/esp\/wp-json\/wp\/v2\/posts\/2890\/revisions\/9362"}],"wp:featuredmedia":[{"embeddable":true,"href":"https:\/\/www.thevisitorpanama.info\/esp\/wp-json\/wp\/v2\/media\/9359"}],"wp:attachment":[{"href":"https:\/\/www.thevisitorpanama.info\/esp\/wp-json\/wp\/v2\/media?parent=2890"}],"wp:term":[{"taxonomy":"category","embeddable":true,"href":"https:\/\/www.thevisitorpanama.info\/esp\/wp-json\/wp\/v2\/categories?post=2890"},{"taxonomy":"post_tag","embeddable":true,"href":"https:\/\/www.thevisitorpanama.info\/esp\/wp-json\/wp\/v2\/tags?post=2890"}],"curies":[{"name":"wp","href":"https:\/\/api.w.org\/{rel}","templated":true}]}}