{"id":2875,"date":"2020-11-04T03:10:13","date_gmt":"2020-11-04T02:10:13","guid":{"rendered":"http:\/\/thevisitorpanama.net\/esp\/?p=2875"},"modified":"2022-03-15T17:26:51","modified_gmt":"2022-03-15T16:26:51","slug":"se-conforma-alianza-turistica-para-desarrollar-darien-como-destino-de-gran-potencial","status":"publish","type":"post","link":"https:\/\/www.thevisitorpanama.info\/esp\/2020\/11\/04\/se-conforma-alianza-turistica-para-desarrollar-darien-como-destino-de-gran-potencial\/","title":{"rendered":"Se Conforma Alianza Tur\u00edstica para Desarrollar Dari\u00e9n, Considerado Destino de Gran Potencial"},"content":{"rendered":"\n<p>Autoridades municipales, representantes de comunidades ind\u00edgenas, gu\u00edas de turismo, turoperadores&nbsp; y&nbsp; empresarios de Dari\u00e9n, sostuvieron una reuni\u00f3n&nbsp; con Iv\u00e1n Eskildsen, administrador general de la Autoridad de Turismo de Panam\u00e1 (ATP),&nbsp;para conocer las necesidades de la provincia y coordinar las acciones que se implementar\u00e1n como parte de la estrategia Turismo, Conservaci\u00f3n e Investigaci\u00f3n (TCI) inserto en el PMTS.<\/p>\n\n\n\n<div class=\"wp-block-image\"><figure class=\"alignright is-resized\"><img decoding=\"async\" loading=\"lazy\" src=\"http:\/\/www.thevisitorpanama.info\/esp\/wp-content\/uploads\/2020\/11\/La_palma_Darie\u0301n.jpg\" alt=\"\" class=\"wp-image-9354\" width=\"294\" height=\"220\"\/><\/figure><\/div>\n\n\n\n<p><br>Pese a los atractivos tur\u00edsticos que resaltan en la provincia como el Parque Nacional Dari\u00e9n, es importante se\u00f1alar que en el PMTS actualizado a cinco a\u00f1os se desprende que la provincia presenta una serie de carencias para lograr desarrollarse plenamente como destino tur\u00edstico, entre ellas: infraestructura b\u00e1sicas y en algunas comunidades no hay acceso a servicios de electricidad, tel\u00e9fono, internet y agua.<\/p>\n\n\n\n<figure class=\"wp-block-image\"><img decoding=\"async\" loading=\"lazy\" width=\"768\" height=\"1024\" src=\"http:\/\/www.thevisitorpanama.info\/esp\/wp-content\/uploads\/2020\/11\/FOTO-PARQUE-NACIONAL2-768x1024-1.jpg\" alt=\"\" class=\"wp-image-9355\"\/><\/figure>\n\n\n\n<p><br>La situaci\u00f3n presupuestaria actual no facilita las inversiones de forma inmediata, pero deber\u00e1n ir identificando los proyectos prioritarios a futuro.<br>Eskildsen explic\u00f3, que aparte de los ocho destinos prioritarios (Bocas del Toro, Boquete, Tierras Altas, Santa Catalina, Pedas\u00ed, Riviera Pac\u00edfica, Panam\u00e1\/Taboga y Portobelo), los expertos identificaron en el nuevo Plan Maestro otros destinos como Guna Yala, Veraguas y Dari\u00e9n, que ser\u00e1n destinos de gran potencial en el mediano y largo plazo.<br>Durante el encuentro organizado por la Secretar\u00eda de Desarrollo Sostenible de la Provincia de Dari\u00e9n y Comarcas Anexas (SEPRODACAN), con el apoyo del Ministerio de Ambiente (MiAmbiente), se acord\u00f3 la conformaci\u00f3n de una alianza tur\u00edstica integrada por la comunidad, touroperadores, gu\u00edas, gobiernos locales, sector gubernamental y la empresa privada, para ir trabajando en solucionarlos, a corto plazo.<\/p>\n\n\n\n<figure class=\"wp-block-image\"><img decoding=\"async\" loading=\"lazy\" width=\"1024\" height=\"768\" src=\"http:\/\/www.thevisitorpanama.info\/esp\/wp-content\/uploads\/2020\/11\/FOTO-DARIEN-3-1.jpg\" alt=\"\" class=\"wp-image-9356\"\/><\/figure>\n\n\n\n<p><br><\/p>\n","protected":false},"excerpt":{"rendered":"<p>Autoridades municipales, representantes de comunidades ind\u00edgenas, gu\u00edas de turismo, turoperadores&nbsp; y&nbsp; empresarios de Dari\u00e9n, sostuvieron una reuni\u00f3n&nbsp; con Iv\u00e1n Eskildsen, administrador general de la Autoridad de Turismo de Panam\u00e1 (ATP),&nbsp;para conocer las necesidades de la provincia y coordinar las acciones que se implementar\u00e1n como parte de la estrategia Turismo, Conservaci\u00f3n e Investigaci\u00f3n (TCI) inserto en [&hellip;]<\/p>\n","protected":false},"author":1,"featured_media":9353,"comment_status":"open","ping_status":"open","sticky":false,"template":"","format":"standard","meta":[],"categories":[44],"tags":[],"_links":{"self":[{"href":"https:\/\/www.thevisitorpanama.info\/esp\/wp-json\/wp\/v2\/posts\/2875"}],"collection":[{"href":"https:\/\/www.thevisitorpanama.info\/esp\/wp-json\/wp\/v2\/posts"}],"about":[{"href":"https:\/\/www.thevisitorpanama.info\/esp\/wp-json\/wp\/v2\/types\/post"}],"author":[{"embeddable":true,"href":"https:\/\/www.thevisitorpanama.info\/esp\/wp-json\/wp\/v2\/users\/1"}],"replies":[{"embeddable":true,"href":"https:\/\/www.thevisitorpanama.info\/esp\/wp-json\/wp\/v2\/comments?post=2875"}],"version-history":[{"count":4,"href":"https:\/\/www.thevisitorpanama.info\/esp\/wp-json\/wp\/v2\/posts\/2875\/revisions"}],"predecessor-version":[{"id":9357,"href":"https:\/\/www.thevisitorpanama.info\/esp\/wp-json\/wp\/v2\/posts\/2875\/revisions\/9357"}],"wp:featuredmedia":[{"embeddable":true,"href":"https:\/\/www.thevisitorpanama.info\/esp\/wp-json\/wp\/v2\/media\/9353"}],"wp:attachment":[{"href":"https:\/\/www.thevisitorpanama.info\/esp\/wp-json\/wp\/v2\/media?parent=2875"}],"wp:term":[{"taxonomy":"category","embeddable":true,"href":"https:\/\/www.thevisitorpanama.info\/esp\/wp-json\/wp\/v2\/categories?post=2875"},{"taxonomy":"post_tag","embeddable":true,"href":"https:\/\/www.thevisitorpanama.info\/esp\/wp-json\/wp\/v2\/tags?post=2875"}],"curies":[{"name":"wp","href":"https:\/\/api.w.org\/{rel}","templated":true}]}}