{"id":2872,"date":"2020-11-03T22:25:05","date_gmt":"2020-11-03T21:25:05","guid":{"rendered":"http:\/\/thevisitorpanama.net\/esp\/?p=2872"},"modified":"2022-03-15T17:30:33","modified_gmt":"2022-03-15T16:30:33","slug":"turkish-airlines-retoma-sus-vuelos-a-panama-dos-veces-a-la-semana","status":"publish","type":"post","link":"https:\/\/www.thevisitorpanama.info\/esp\/2020\/11\/03\/turkish-airlines-retoma-sus-vuelos-a-panama-dos-veces-a-la-semana\/","title":{"rendered":"Turkish Airlines Retoma sus Vuelos a Panam\u00e1 Dos veces a la Semana"},"content":{"rendered":"\n<p>Turkish Airlines, aterriz\u00f3 nuevamente en Tocumen despu\u00e9s de siete meses de suspension por la pandemia. <br>&#8220;A empezado a volar dos veces por semana y en diciembre la frecuencia volver\u00e1 a ser de tres vuelos semanales, ga que Panam\u00e1 funciona como punto de conexi\u00f3n con toda Latinoam\u00e9rica&#8221;, precis\u00f3  Mar\u00eda Sagel, nueva embajadora de Panam\u00e1 en Ankara.<\/p>\n\n\n\n<p>La Nueva embajadora aprovech\u00f3 el acto de entrega de credenciales ante el presidente turco Recep Tayyip Erdogan,  para estrechar lazos entre Panam\u00e1 y Turquia a pesar de la pandemia.<br>En \u00e9ste evento el mandatario turco insisti\u00f3 en la necesidad de incrementar el comercio entre ambos pa\u00edses y expres\u00f3 su deseo de que el presidente de Panam\u00e1, Laurentino Cortizo, visite pronto Turqu\u00eda.<br>Adem\u00e1s, Erdogan se interes\u00f3 por aspectos del Canal de Panam\u00e1 y se\u00f1al\u00f3 su inter\u00e9s en que expertos de esta infraestructura viajen a Turqu\u00eda para asesorar a su Gobierno con los planes del &#8220;Canal Estambul&#8221;, un proyecto de enorme envergadura para una v\u00eda de agua paralela al B\u00f3sforo entre el Mar Negro y el Mar de M\u00e1rmara.<\/p>\n","protected":false},"excerpt":{"rendered":"<p>Turkish Airlines, aterriz\u00f3 nuevamente en Tocumen despu\u00e9s de siete meses de suspension por la pandemia. &#8220;A empezado a volar dos veces por semana y en diciembre la frecuencia volver\u00e1 a ser de tres vuelos semanales, ga que Panam\u00e1 funciona como punto de conexi\u00f3n con toda Latinoam\u00e9rica&#8221;, precis\u00f3 Mar\u00eda Sagel, nueva embajadora de Panam\u00e1 en Ankara. [&hellip;]<\/p>\n","protected":false},"author":1,"featured_media":9365,"comment_status":"open","ping_status":"open","sticky":false,"template":"","format":"standard","meta":[],"categories":[44],"tags":[],"_links":{"self":[{"href":"https:\/\/www.thevisitorpanama.info\/esp\/wp-json\/wp\/v2\/posts\/2872"}],"collection":[{"href":"https:\/\/www.thevisitorpanama.info\/esp\/wp-json\/wp\/v2\/posts"}],"about":[{"href":"https:\/\/www.thevisitorpanama.info\/esp\/wp-json\/wp\/v2\/types\/post"}],"author":[{"embeddable":true,"href":"https:\/\/www.thevisitorpanama.info\/esp\/wp-json\/wp\/v2\/users\/1"}],"replies":[{"embeddable":true,"href":"https:\/\/www.thevisitorpanama.info\/esp\/wp-json\/wp\/v2\/comments?post=2872"}],"version-history":[{"count":1,"href":"https:\/\/www.thevisitorpanama.info\/esp\/wp-json\/wp\/v2\/posts\/2872\/revisions"}],"predecessor-version":[{"id":2873,"href":"https:\/\/www.thevisitorpanama.info\/esp\/wp-json\/wp\/v2\/posts\/2872\/revisions\/2873"}],"wp:featuredmedia":[{"embeddable":true,"href":"https:\/\/www.thevisitorpanama.info\/esp\/wp-json\/wp\/v2\/media\/9365"}],"wp:attachment":[{"href":"https:\/\/www.thevisitorpanama.info\/esp\/wp-json\/wp\/v2\/media?parent=2872"}],"wp:term":[{"taxonomy":"category","embeddable":true,"href":"https:\/\/www.thevisitorpanama.info\/esp\/wp-json\/wp\/v2\/categories?post=2872"},{"taxonomy":"post_tag","embeddable":true,"href":"https:\/\/www.thevisitorpanama.info\/esp\/wp-json\/wp\/v2\/tags?post=2872"}],"curies":[{"name":"wp","href":"https:\/\/api.w.org\/{rel}","templated":true}]}}