{"id":2697,"date":"2020-10-23T03:59:56","date_gmt":"2020-10-23T01:59:56","guid":{"rendered":"http:\/\/thevisitorpanama.net\/esp\/?p=2697"},"modified":"2022-03-15T19:28:15","modified_gmt":"2022-03-15T18:28:15","slug":"miambiente-anuncia-apertura-de-areas-protegidasmarinas-acuaticas-y-lagos","status":"publish","type":"post","link":"https:\/\/www.thevisitorpanama.info\/esp\/2020\/10\/23\/miambiente-anuncia-apertura-de-areas-protegidasmarinas-acuaticas-y-lagos\/","title":{"rendered":"MiAmbiente Anuncia Apertura de \u00c1reas ProtegidasMarinas, Acu\u00e1ticas y Lagos"},"content":{"rendered":"\n<p>El Ministerio de Salud como parte de la \u201cRuta hacia la nueva normalidad\u201d anunci\u00f3 la apertura de las \u00e1reas de playa en todo el pa\u00eds, a partir de este fin semana (24 Y 25 DE OCTUBRE) y mantiene el toque de queda a nivel nacional de 11:00 p.m. a 5:00 a.m. todos los d\u00edas.  <br>\nEn el caso espec\u00edfico del  Ministerio de Ambiente, se ha anunciado la apertura de un segundo grupo de \u00e1reas bajo su protecci\u00f3n que incluyen \u00e1reas marinas, acu\u00e1ticas y lacustres que abrir\u00e1n sus puertas a partir de este lunes 26 de octubre, dado que para su ingreso es necesario hacer una reserva con un anticipaci\u00f3n de 72 horas.  <br>\nLas principales actividades de estas zonas son: snorkerl, uso de la playa y buceo; cada una de ellas contar\u00e1n con la supervisi\u00f3n de personal autorizado por la entidad a fin de velar por el debido cumplimiento de las medidas de bioseguridad, y tambi\u00e9n vigilar el buen comportamiento de los visitantes dentro de las \u00e1reas protegidas. <br>\nLas zonas que se abrir\u00e1n al p\u00fablico son:   <br>\n\u2022    BOCAS DEL TORO:  PARQUE NACIONAL MARINO ISLA BASTIMENTO <br>\n\u2022    LOS SANTOS:  REFUGIO DE VIDA SILVESTRE ISLA IGUANA <br>\n\u2022    VERAGUAS:  PARQUE NACIONAL COIBA <br>\n\u2022    VERAGUAS: PARQUE NACIONAL CERRO HOYA <br>\n\u2022    PANAM\u00c1 :  REFUGIO DE VIDA SILVESTRE TABOGA <br>\n\u2022    COL\u00d3N:  PARQUE NACIONAL PORTOBELO <br>\n\u2022    COL\u00d3N:  \u00c1REA RECRETIVA LAGO GAT\u00daN <br>\n\u2022    COL\u00d3N : PAISAJE NATURAL ISLA GALETA <br>\n\u2022    COL\u00d3N-PANAM\u00c1:  PARQUE NACIONAL CHAGRES <br>\n\u2022    DARI\u00c9N:  PARQUE NACIONAL DARI\u00c9N <br>\n\u2022    CHIRIQU\u00cd:  PARQUE NACIONAL MARINO GOLFO DE CHIRIQU\u00cd <br>\n\u2022    CHIRIQU\u00cd:  REFUGIO DE VIDA PLAYA LA BARQUETA<br>\nLos criterios que se tomaron en cuenta fueron los establecidos por el Ministerio de Salud (MINSA), adicional a los que le corresponden a la gesti\u00f3n y capacidad de manejo en las \u00e1reas protegidas para atender a los visitantes, entre ellos: <br>\n\u2022 Personal disponible para atender al visitante <br>\n\u2022 Buen estado del sitio de Visita  <br>\n\u2022 Conocimiento de la capacidad de carga establecidas por el Plan de Uso P\u00fablico o la que se ha establecido por el MINSA como referencia en las que no tienen capacidades de carga definidas.  <br>\n\u2022 Equipo disponible que le permita realizar el registro <\/p>\n\n\n\n<ul><li>Si hay o no personal para verificar los datos de la reserva <\/li><li>Si tienen recepci\u00f3n de internet v\u00eda celular <\/li><li>Si tienen internet v\u00eda wifi o cableada (que no sea por celular) en la oficina <\/li><li>Computadora para efectuar el registro y reservas. <br>\nMiAMBIENTE reitera que se deben cumplir en todo momento, las medidas de bioseguridad emanadas por las autoridades de Salud entre las que se destaca: el uso obligatorio de mascarilla, portar gel antibacterial o alcohol, cumplir con el distanciamiento social y respetar los horarios de ingreso, sitios de visita y capacidades de carga establecidos. <\/li><\/ul>\n","protected":false},"excerpt":{"rendered":"<p>El Ministerio de Salud como parte de la \u201cRuta hacia la nueva normalidad\u201d anunci\u00f3 la apertura de las \u00e1reas de playa en todo el pa\u00eds, a partir de este fin semana (24 Y 25 DE OCTUBRE) y mantiene el toque de queda a nivel nacional de 11:00 p.m. a 5:00 a.m. todos los d\u00edas. En [&hellip;]<\/p>\n","protected":false},"author":1,"featured_media":9441,"comment_status":"open","ping_status":"open","sticky":false,"template":"","format":"standard","meta":[],"categories":[44],"tags":[],"_links":{"self":[{"href":"https:\/\/www.thevisitorpanama.info\/esp\/wp-json\/wp\/v2\/posts\/2697"}],"collection":[{"href":"https:\/\/www.thevisitorpanama.info\/esp\/wp-json\/wp\/v2\/posts"}],"about":[{"href":"https:\/\/www.thevisitorpanama.info\/esp\/wp-json\/wp\/v2\/types\/post"}],"author":[{"embeddable":true,"href":"https:\/\/www.thevisitorpanama.info\/esp\/wp-json\/wp\/v2\/users\/1"}],"replies":[{"embeddable":true,"href":"https:\/\/www.thevisitorpanama.info\/esp\/wp-json\/wp\/v2\/comments?post=2697"}],"version-history":[{"count":1,"href":"https:\/\/www.thevisitorpanama.info\/esp\/wp-json\/wp\/v2\/posts\/2697\/revisions"}],"predecessor-version":[{"id":2698,"href":"https:\/\/www.thevisitorpanama.info\/esp\/wp-json\/wp\/v2\/posts\/2697\/revisions\/2698"}],"wp:featuredmedia":[{"embeddable":true,"href":"https:\/\/www.thevisitorpanama.info\/esp\/wp-json\/wp\/v2\/media\/9441"}],"wp:attachment":[{"href":"https:\/\/www.thevisitorpanama.info\/esp\/wp-json\/wp\/v2\/media?parent=2697"}],"wp:term":[{"taxonomy":"category","embeddable":true,"href":"https:\/\/www.thevisitorpanama.info\/esp\/wp-json\/wp\/v2\/categories?post=2697"},{"taxonomy":"post_tag","embeddable":true,"href":"https:\/\/www.thevisitorpanama.info\/esp\/wp-json\/wp\/v2\/tags?post=2697"}],"curies":[{"name":"wp","href":"https:\/\/api.w.org\/{rel}","templated":true}]}}