{"id":2497,"date":"2020-09-22T15:59:32","date_gmt":"2020-09-22T13:59:32","guid":{"rendered":"http:\/\/thevisitorpanama.net\/esp\/?p=2497"},"modified":"2022-03-15T21:24:19","modified_gmt":"2022-03-15T20:24:19","slug":"festival-nacional-de-la-mejorana-virtual-empieza-el-23-de-septiembre","status":"publish","type":"post","link":"https:\/\/www.thevisitorpanama.info\/esp\/2020\/09\/22\/festival-nacional-de-la-mejorana-virtual-empieza-el-23-de-septiembre\/","title":{"rendered":"Festival Nacional de la Mejorana Virtual Empieza el 23 de Septiembre"},"content":{"rendered":"\n<p>Al igual que muchos otros festivales y actividades t\u00edpicas del pa\u00eds, que no se encuentran incluidas en las actividades permitidas, el Festival Nacional de la Mejorana debi\u00f3 cambiar su forma de celebrarse.<\/p>\n\n\n\n<p><strong>Actividades en Modalidad Virtual<\/strong><br> Este a\u00f1o, debido a la pandemia, las actividades propias del festival ser\u00e1n a trav\u00e9s de plataformas virtuales, del 23 al 28 de septiembre.<br> Para no dejar pasar la fecha y tras cumplir con las regulaciones impuestas por el Ministerio de Salud, se anunci\u00f3 las actividades que se desarrollar\u00e1n, entre ellas de \u00edndole cultural y tambi\u00e9n religioso.<br> Las actividades folcl\u00f3ricas incluyen decoraci\u00f3n de portales con temas propios de la regi\u00f3n, para resaltar la cultura del sitio, y para lo cual se destin\u00f3 la premia ion de los tres mejores.<br> Tambi\u00e9n se recrear\u00e1n las principales actividades que se realizan en el festival, como lo son los concursos de indumentarias femenina y masculina, as\u00ed como de toque de acorde\u00f3n y mejorana en su versi\u00f3n de ni\u00f1os y adultos.<br> Otras actividades propias del Festival de la Mejorana ser\u00e1n presentadas en video, entre ellas la construcci\u00f3n de la barrera, la atolladero, y hasta el desfile de carretas, con el que tradicionalmente se cierra la festividad.<br> Entre las actividades religiosas que ser\u00e1n transmitidas, est\u00e1n las serenatas y loas a la Virgen, as\u00ed como la eucarist\u00eda tradicional de esta festividad.<\/p>\n","protected":false},"excerpt":{"rendered":"<p>Al igual que muchos otros festivales y actividades t\u00edpicas del pa\u00eds, que no se encuentran incluidas en las actividades permitidas, el Festival Nacional de la Mejorana debi\u00f3 cambiar su forma de celebrarse. Actividades en Modalidad Virtual Este a\u00f1o, debido a la pandemia, las actividades propias del festival ser\u00e1n a trav\u00e9s de plataformas virtuales, del 23 [&hellip;]<\/p>\n","protected":false},"author":1,"featured_media":9566,"comment_status":"open","ping_status":"open","sticky":false,"template":"","format":"standard","meta":[],"categories":[44],"tags":[],"_links":{"self":[{"href":"https:\/\/www.thevisitorpanama.info\/esp\/wp-json\/wp\/v2\/posts\/2497"}],"collection":[{"href":"https:\/\/www.thevisitorpanama.info\/esp\/wp-json\/wp\/v2\/posts"}],"about":[{"href":"https:\/\/www.thevisitorpanama.info\/esp\/wp-json\/wp\/v2\/types\/post"}],"author":[{"embeddable":true,"href":"https:\/\/www.thevisitorpanama.info\/esp\/wp-json\/wp\/v2\/users\/1"}],"replies":[{"embeddable":true,"href":"https:\/\/www.thevisitorpanama.info\/esp\/wp-json\/wp\/v2\/comments?post=2497"}],"version-history":[{"count":1,"href":"https:\/\/www.thevisitorpanama.info\/esp\/wp-json\/wp\/v2\/posts\/2497\/revisions"}],"predecessor-version":[{"id":2499,"href":"https:\/\/www.thevisitorpanama.info\/esp\/wp-json\/wp\/v2\/posts\/2497\/revisions\/2499"}],"wp:featuredmedia":[{"embeddable":true,"href":"https:\/\/www.thevisitorpanama.info\/esp\/wp-json\/wp\/v2\/media\/9566"}],"wp:attachment":[{"href":"https:\/\/www.thevisitorpanama.info\/esp\/wp-json\/wp\/v2\/media?parent=2497"}],"wp:term":[{"taxonomy":"category","embeddable":true,"href":"https:\/\/www.thevisitorpanama.info\/esp\/wp-json\/wp\/v2\/categories?post=2497"},{"taxonomy":"post_tag","embeddable":true,"href":"https:\/\/www.thevisitorpanama.info\/esp\/wp-json\/wp\/v2\/tags?post=2497"}],"curies":[{"name":"wp","href":"https:\/\/api.w.org\/{rel}","templated":true}]}}