{"id":2483,"date":"2020-09-15T17:12:45","date_gmt":"2020-09-15T15:12:45","guid":{"rendered":"http:\/\/thevisitorpanama.net\/esp\/?p=2483"},"modified":"2022-03-15T21:27:13","modified_gmt":"2022-03-15T20:27:13","slug":"panama-se-prepara-para-celebrar-bicentenario-de-la-independencia-de-espana","status":"publish","type":"post","link":"https:\/\/www.thevisitorpanama.info\/esp\/2020\/09\/15\/panama-se-prepara-para-celebrar-bicentenario-de-la-independencia-de-espana\/","title":{"rendered":"Panam\u00e1 se Prepara para Celebrar Bicentenario de la Independencia de Espa\u00f1a"},"content":{"rendered":"\n<p><\/p>\n\n\n\n<p>Con el prop\u00f3sito de enaltecer la historia del pa\u00eds, el Ejecutivo dispuso la creaci\u00f3n de una Comisi\u00f3n que se encargar\u00e1 de la celebraci\u00f3n la conmemoraci\u00f3n del bicentenario de la Independencia&nbsp; en el 2021, seg\u00fan revel\u00f3 a trav\u00e9s de un comunicado de prensa el Gobierno.<\/p>\n\n\n\n<p>Asimismo, propone la creaci\u00f3n de un concurso nacional para elegir el logotipo (isotipo o imagotipo) del Bicentenario de la Declaraci\u00f3n de Independencia de Panam\u00e1 de Espa\u00f1a.<\/p>\n\n\n\n<p>Corresponder\u00e1 a Carlos Aguilar Navarro, ministro de Cultura, presidir la comisi\u00f3n que ser\u00e1 integrada por la titular del Ministerio de Educaci\u00f3n, Maruja Gorday de Villalobos; el administrador general de la Autoridad de Turismo de Panam\u00e1, Iv\u00e1n Eskildsen; Javier Carrizo, gerente del Banco Nacional de Panam\u00e1; as\u00ed como Sara Omi Casam\u00e1, l\u00edder ind\u00edgena y especialista en Derechos Humanos; Beatriz Rovira de Pacheco, en representaci\u00f3n de la Asociaci\u00f3n de Antropolog\u00eda e Historia de Panam\u00e1 y los historiadores Alfredo Castillero Calvo, Omar Ja\u00e9n Su\u00e1rez y Luis Navas, seg\u00fan destaca el comunicado.<\/p>\n\n\n\n<p>La Comisi\u00f3n tambi\u00e9n la integrar\u00e1n la periodista y docente Griselda L\u00f3pez; la profesora Melva Lowe de Goodin; Julio De La Lastra, presidente de Consejo Nacional de la Empresa Privada; Enrique De Obarrio, por el sector empresarial y el dirigente de los trabajadores, Elberto Luis Cobos Rodr\u00edguez.<\/p>\n\n\n\n<p>Mediante el comunicado, Aguilar Navarro explic\u00f3 que la comisi\u00f3n ser\u00e1 la encargada de organizar los actos conmemorativos que destaquen la importancia de esta fecha no solo para Panam\u00e1 sino para el conjunto de naciones latinoamericanas que en ese a\u00f1o gestaron su independencia.<\/p>\n\n\n\n<p>Los comisionados tambi\u00e9n organizar\u00e1n conferencias relativas a los 200 a\u00f1os de independencia de Panam\u00e1 de Espa\u00f1a, resaltando la importancia de este hecho hist\u00f3rico, impulsar\u00e1n y promover\u00e1n las investigaciones que tengan como tema principal la gesta independista; publicar\u00e1n obras e investigaciones que guarden relaci\u00f3n con el Bicentenario de la Independencia de Panam\u00e1 de Espa\u00f1a y dise\u00f1ar\u00e1n programas culturales y educativos que destaquen la relevancia de los hechos acaecidos en la \u00e9poca y su impacto para la formaci\u00f3n de la Rep\u00fablica de Panam\u00e1.<\/p>\n\n\n\n<p>Con estas actividades se busca fomentar que, durante la celebraci\u00f3n de las festividades patri\u00f3ticas, el tema central y de mayor importancia sea el Bicentenario de la Independencia de Panam\u00e1 de Espa\u00f1a.<\/p>\n","protected":false},"excerpt":{"rendered":"<p>Con el prop\u00f3sito de enaltecer la historia del pa\u00eds, el Ejecutivo dispuso la creaci\u00f3n de una Comisi\u00f3n que se encargar\u00e1 de la celebraci\u00f3n la conmemoraci\u00f3n del bicentenario de la Independencia&nbsp; en el 2021, seg\u00fan revel\u00f3 a trav\u00e9s de un comunicado de prensa el Gobierno. Asimismo, propone la creaci\u00f3n de un concurso nacional para elegir el [&hellip;]<\/p>\n","protected":false},"author":1,"featured_media":9569,"comment_status":"open","ping_status":"open","sticky":false,"template":"","format":"standard","meta":[],"categories":[44],"tags":[],"_links":{"self":[{"href":"https:\/\/www.thevisitorpanama.info\/esp\/wp-json\/wp\/v2\/posts\/2483"}],"collection":[{"href":"https:\/\/www.thevisitorpanama.info\/esp\/wp-json\/wp\/v2\/posts"}],"about":[{"href":"https:\/\/www.thevisitorpanama.info\/esp\/wp-json\/wp\/v2\/types\/post"}],"author":[{"embeddable":true,"href":"https:\/\/www.thevisitorpanama.info\/esp\/wp-json\/wp\/v2\/users\/1"}],"replies":[{"embeddable":true,"href":"https:\/\/www.thevisitorpanama.info\/esp\/wp-json\/wp\/v2\/comments?post=2483"}],"version-history":[{"count":3,"href":"https:\/\/www.thevisitorpanama.info\/esp\/wp-json\/wp\/v2\/posts\/2483\/revisions"}],"predecessor-version":[{"id":9570,"href":"https:\/\/www.thevisitorpanama.info\/esp\/wp-json\/wp\/v2\/posts\/2483\/revisions\/9570"}],"wp:featuredmedia":[{"embeddable":true,"href":"https:\/\/www.thevisitorpanama.info\/esp\/wp-json\/wp\/v2\/media\/9569"}],"wp:attachment":[{"href":"https:\/\/www.thevisitorpanama.info\/esp\/wp-json\/wp\/v2\/media?parent=2483"}],"wp:term":[{"taxonomy":"category","embeddable":true,"href":"https:\/\/www.thevisitorpanama.info\/esp\/wp-json\/wp\/v2\/categories?post=2483"},{"taxonomy":"post_tag","embeddable":true,"href":"https:\/\/www.thevisitorpanama.info\/esp\/wp-json\/wp\/v2\/tags?post=2483"}],"curies":[{"name":"wp","href":"https:\/\/api.w.org\/{rel}","templated":true}]}}