{"id":2248,"date":"2020-07-25T07:08:51","date_gmt":"2020-07-25T05:08:51","guid":{"rendered":"http:\/\/thevisitorpanama.net\/esp\/?p=2248"},"modified":"2022-03-15T22:09:32","modified_gmt":"2022-03-15T21:09:32","slug":"suspenden-vuelos-comerciales-en-panama-hasta-el-21-de-agosto-de-2020","status":"publish","type":"post","link":"https:\/\/www.thevisitorpanama.info\/esp\/2020\/07\/25\/suspenden-vuelos-comerciales-en-panama-hasta-el-21-de-agosto-de-2020\/","title":{"rendered":"Suspenden Vuelos Comerciales en Panam\u00e1 hasta el 21 de Agosto de 2020"},"content":{"rendered":"\n<p><br>El Gobierno Nacional prorrog\u00f3 por 30 d\u00edas m\u00e1s la suspensi\u00f3n de vuelos internacionales, inform\u00f3 la Autoridad Aeron\u00e1utica Civil de Panam\u00e1.<br> Se except\u00faan de esta medida todos los vuelos humanitarios y aquellos necesarios para transportar la carga, productos m\u00e9dicos contra covid-19 y otros insumos hospitalarios que se requieran en el pa\u00eds.<br> &#8220;La medida empezar\u00e1 a contar a partir de las 11: 59 del 22 de julio de 2020&#8221;, remarc\u00f3 el Aeropuerto de Tocumen a trav\u00e9s de un comunicado..<\/p>\n","protected":false},"excerpt":{"rendered":"<p>El Gobierno Nacional prorrog\u00f3 por 30 d\u00edas m\u00e1s la suspensi\u00f3n de vuelos internacionales, inform\u00f3 la Autoridad Aeron\u00e1utica Civil de Panam\u00e1. Se except\u00faan de esta medida todos los vuelos humanitarios y aquellos necesarios para transportar la carga, productos m\u00e9dicos contra covid-19 y otros insumos hospitalarios que se requieran en el pa\u00eds. &#8220;La medida empezar\u00e1 a contar [&hellip;]<\/p>\n","protected":false},"author":1,"featured_media":9660,"comment_status":"open","ping_status":"open","sticky":false,"template":"","format":"standard","meta":[],"categories":[44],"tags":[],"_links":{"self":[{"href":"https:\/\/www.thevisitorpanama.info\/esp\/wp-json\/wp\/v2\/posts\/2248"}],"collection":[{"href":"https:\/\/www.thevisitorpanama.info\/esp\/wp-json\/wp\/v2\/posts"}],"about":[{"href":"https:\/\/www.thevisitorpanama.info\/esp\/wp-json\/wp\/v2\/types\/post"}],"author":[{"embeddable":true,"href":"https:\/\/www.thevisitorpanama.info\/esp\/wp-json\/wp\/v2\/users\/1"}],"replies":[{"embeddable":true,"href":"https:\/\/www.thevisitorpanama.info\/esp\/wp-json\/wp\/v2\/comments?post=2248"}],"version-history":[{"count":1,"href":"https:\/\/www.thevisitorpanama.info\/esp\/wp-json\/wp\/v2\/posts\/2248\/revisions"}],"predecessor-version":[{"id":2250,"href":"https:\/\/www.thevisitorpanama.info\/esp\/wp-json\/wp\/v2\/posts\/2248\/revisions\/2250"}],"wp:featuredmedia":[{"embeddable":true,"href":"https:\/\/www.thevisitorpanama.info\/esp\/wp-json\/wp\/v2\/media\/9660"}],"wp:attachment":[{"href":"https:\/\/www.thevisitorpanama.info\/esp\/wp-json\/wp\/v2\/media?parent=2248"}],"wp:term":[{"taxonomy":"category","embeddable":true,"href":"https:\/\/www.thevisitorpanama.info\/esp\/wp-json\/wp\/v2\/categories?post=2248"},{"taxonomy":"post_tag","embeddable":true,"href":"https:\/\/www.thevisitorpanama.info\/esp\/wp-json\/wp\/v2\/tags?post=2248"}],"curies":[{"name":"wp","href":"https:\/\/api.w.org\/{rel}","templated":true}]}}