{"id":2216,"date":"2020-07-25T06:05:05","date_gmt":"2020-07-25T04:05:05","guid":{"rendered":"http:\/\/thevisitorpanama.net\/esp\/?p=2216"},"modified":"2022-03-15T22:21:13","modified_gmt":"2022-03-15T21:21:13","slug":"la-colorada-una-comunidad-llena-de-tradiciones-fiestas-y-gastronomia","status":"publish","type":"post","link":"https:\/\/www.thevisitorpanama.info\/esp\/2020\/07\/25\/la-colorada-una-comunidad-llena-de-tradiciones-fiestas-y-gastronomia\/","title":{"rendered":"La Colorada, una Comunidad llena de Tradiciones, Fiestas y Gastronom\u00eda"},"content":{"rendered":"\n<p>Foto de Portada: Istmian Adventure Tours<\/p>\n\n\n\n<p>A s\u00f3lo 17 minutos de la ciudad de Santiago, en la provincia de Veraguas, se encuentra una comunidad rodeada de una abundante naturaleza y v\u00edas bien trazadas que hacen accesible la llegada a este lugar, que la mayor\u00eda de los Visitantes regresa una y otra vez. Una comunidad que se caracteriza por la conservaci\u00f3n de sus tradiciones y valores c\u00edvicos como pocos. <\/p>\n\n\n\n<figure class=\"wp-block-image\"><img decoding=\"async\" loading=\"lazy\" width=\"1024\" height=\"767\" src=\"http:\/\/www.thevisitorpanama.info\/esp\/wp-content\/uploads\/2020\/07\/WhatsApp-Image-2019-08-30-at-12.30.24-PM-1-1024x767.jpg\" alt=\"\" class=\"wp-image-9698\"\/><\/figure>\n\n\n\n<p><br> <strong>Pueblo de Tradiciones y Gastronom\u00eda <\/strong><br> El poblado de La Colorada brilla con luz propia con sus calles limpias, parques que invitan a caminarlos, casas de arquitectura tradicional y gente que te trata como si te conociera de toda la vida. La actividad comercial de esta pintoresca regi\u00f3n del pa\u00eds es la talabarter\u00eda,  que es el arte de elaborar art\u00edculos de cuero o guarniciones para caballer\u00edas. Tambi\u00e9n es donde se hace el bollo de colores y la famosa puerca asada, plato tradicional que se cocina para las Fiestas de San Pedro Ap\u00f3stol.<\/p>\n\n\n\n<figure class=\"wp-block-image\"><img decoding=\"async\" loading=\"lazy\" width=\"1024\" height=\"573\" src=\"http:\/\/www.thevisitorpanama.info\/esp\/wp-content\/uploads\/2020\/07\/rvXMGTzg-1024x573.jpg\" alt=\"\" class=\"wp-image-9699\"\/><\/figure>\n\n\n\n<p><br> <strong>Fiestas Coloridas<\/strong><br> Este pueblo sabe realizar fiestas que llaman la atenci\u00f3n de Visitantes locales y extranjeros, como la \u201cFiesta de la Vaca\u201d que se celebra el 2 de noviembre. Esta celebraci\u00f3n es un espect\u00e1culo folcl\u00f3rico y cultural que tiene como tradici\u00f3n que una persona se vista con una armadura de madera en forma de vaca y recorra el pueblo embistiendo a todo el que atraviese su camino.<\/p>\n\n\n\n<figure class=\"wp-block-image\"><img decoding=\"async\" loading=\"lazy\" width=\"767\" height=\"1024\" src=\"http:\/\/www.thevisitorpanama.info\/esp\/wp-content\/uploads\/2020\/07\/9K7S91Ag-1-767x1024.jpg\" alt=\"\" class=\"wp-image-9700\"\/><\/figure>\n\n\n\n<p><br> Las fiestas de San Pedro Ap\u00f3stol que se celebra en el mes de junio, tiene como tradici\u00f3n que desde las 12 de la noche de ese d\u00eda los residentes del pueblo reciben a sus invitados con su famosa puerca asada que se brinda de forma gratuita a todos los que llegan a celebrar estas famosas patronales. Otra festividad es la Amanecida  de San Pedro que guarda tradiciones aut\u00f3ctonas, con m\u00e1s de 100 a\u00f1os desde la llegada de la imagen de San Pedro al pueblo. Una celebraci\u00f3n que cada a\u00f1o es m\u00e1s concurrida.<\/p>\n\n\n\n<figure class=\"wp-block-image\"><img decoding=\"async\" loading=\"lazy\" width=\"1024\" height=\"554\" src=\"http:\/\/www.thevisitorpanama.info\/esp\/wp-content\/uploads\/2020\/07\/La-Colorada-22-1024x554-1.jpg\" alt=\"\" class=\"wp-image-9701\"\/><\/figure>\n\n\n\n<p><br> <strong>Curiosidad<\/strong><br> Muchas personas confunden este pueblo con el que est\u00e1 localizado en la provincia de Los Santos, sin embargo, ambos tienen mucho en com\u00fan, y es que las familias M\u00f3jica, Castro y N\u00fa\u00f1ez provenientes de la Colorada de Los Santos fueron los primeros en establecerse en esta regi\u00f3n de la provincia de Veraguas, por esta raz\u00f3n varias tradiciones son parecidas entre ambos pueblos.<br> El turismo rural ser\u00e1 de las primeras actividades tur\u00edsticas que se podr\u00e1n realizar una vez la industria sin chimenea vuelva a reactivarse. Por esa raz\u00f3n, si para ese esperado viaje hacia el interior busca tranquilidad,  bellezas naturales,  tradiciones culturales, gastronom\u00eda \u00fanica y deliciosa, La Colorada le brinda la oportunidad de experimentar un pedacito de cielo en el interior de nuestro pa\u00eds.<\/p>\n\n\n\n<figure class=\"wp-block-image\"><img decoding=\"async\" loading=\"lazy\" width=\"1024\" height=\"692\" src=\"http:\/\/www.thevisitorpanama.info\/esp\/wp-content\/uploads\/2020\/07\/La-Colorada-13-1024x692-1.jpg\" alt=\"\" class=\"wp-image-9702\"\/><\/figure>\n\n\n\n<p><\/p>\n","protected":false},"excerpt":{"rendered":"<p>Foto de Portada: Istmian Adventure Tours A s\u00f3lo 17 minutos de la ciudad de Santiago, en la provincia de Veraguas, se encuentra una comunidad rodeada de una abundante naturaleza y v\u00edas bien trazadas que hacen accesible la llegada a este lugar, que la mayor\u00eda de los Visitantes regresa una y otra vez. Una comunidad que [&hellip;]<\/p>\n","protected":false},"author":1,"featured_media":9697,"comment_status":"open","ping_status":"open","sticky":false,"template":"","format":"standard","meta":[],"categories":[30],"tags":[],"_links":{"self":[{"href":"https:\/\/www.thevisitorpanama.info\/esp\/wp-json\/wp\/v2\/posts\/2216"}],"collection":[{"href":"https:\/\/www.thevisitorpanama.info\/esp\/wp-json\/wp\/v2\/posts"}],"about":[{"href":"https:\/\/www.thevisitorpanama.info\/esp\/wp-json\/wp\/v2\/types\/post"}],"author":[{"embeddable":true,"href":"https:\/\/www.thevisitorpanama.info\/esp\/wp-json\/wp\/v2\/users\/1"}],"replies":[{"embeddable":true,"href":"https:\/\/www.thevisitorpanama.info\/esp\/wp-json\/wp\/v2\/comments?post=2216"}],"version-history":[{"count":8,"href":"https:\/\/www.thevisitorpanama.info\/esp\/wp-json\/wp\/v2\/posts\/2216\/revisions"}],"predecessor-version":[{"id":9703,"href":"https:\/\/www.thevisitorpanama.info\/esp\/wp-json\/wp\/v2\/posts\/2216\/revisions\/9703"}],"wp:featuredmedia":[{"embeddable":true,"href":"https:\/\/www.thevisitorpanama.info\/esp\/wp-json\/wp\/v2\/media\/9697"}],"wp:attachment":[{"href":"https:\/\/www.thevisitorpanama.info\/esp\/wp-json\/wp\/v2\/media?parent=2216"}],"wp:term":[{"taxonomy":"category","embeddable":true,"href":"https:\/\/www.thevisitorpanama.info\/esp\/wp-json\/wp\/v2\/categories?post=2216"},{"taxonomy":"post_tag","embeddable":true,"href":"https:\/\/www.thevisitorpanama.info\/esp\/wp-json\/wp\/v2\/tags?post=2216"}],"curies":[{"name":"wp","href":"https:\/\/api.w.org\/{rel}","templated":true}]}}