{"id":2180,"date":"2020-07-21T23:30:08","date_gmt":"2020-07-21T21:30:08","guid":{"rendered":"http:\/\/thevisitorpanama.net\/esp\/?p=2180"},"modified":"2022-03-15T22:25:37","modified_gmt":"2022-03-15T21:25:37","slug":"modelo-economico-brechas-sociales-y-empleo-temas-centrales-de-cade-2020","status":"publish","type":"post","link":"https:\/\/www.thevisitorpanama.info\/esp\/2020\/07\/21\/modelo-economico-brechas-sociales-y-empleo-temas-centrales-de-cade-2020\/","title":{"rendered":"Modelo Econ\u00f3mico, Brechas Sociales y Empleo; Temas Centrales de Cade 2020"},"content":{"rendered":"\n<p>La Asociaci\u00f3n Paname\u00f1a de Ejecutivos de Empresas (Apede) inici\u00f3 hoy su ciclo de conferencias de la Cade Nacional 2020, despu\u00e9s de que en las \u00faltimas semanas llev\u00f3 a cabo otras tres versiones regionales.<\/p>\n\n\n\n<p>En el evento inaugural, este lunes 20 de julio,&nbsp; la presidenta de Apede Mercedes Eleta de Brenes destac\u00f3 que el t\u00edtulo de la Cade 2020 este a\u00f1o es &#8220;Panam\u00e1 en la encrucijada, reactivar o reconstruir&#8221;, el cual expresa el momento dif\u00edcil que est\u00e1 viviendo el pa\u00eds actualmente.<\/p>\n\n\n\n<p>En ese sentido, expres\u00f3 que durante las conferencias regionales, el gremio empresarial en alianza con los Centros de Competitividad Regionales presentaron &#8220;propuestas concretas&#8221; para la reactivaci\u00f3n y recuperaci\u00f3n econ\u00f3mica de las diferentes provincias y territorios del pa\u00eds; y en esta ocasi\u00f3n no ser\u00e1 la excepci\u00f3n.<\/p>\n\n\n\n<p>La Asociaci\u00f3n evidenci\u00f3 sus ganas de no volver atr\u00e1s, con un modelo agotado que ha evidenciado claramente las debilidades del sistema institucional,  econ\u00f3mico y de las brechas sociales enormes de Panam\u00e1. Temas que se deben atender&#8221;, <\/p>\n\n\n\n<p>APEDE ha propuesto la necesidad de modernizar el Estado, el sistema de justicia, desburocratizar los procesos y  crear un modelo econ\u00f3mico m\u00e1s inclusivo, donde la productividad, el empleo, y las pol\u00edticas p\u00fablicas atender\u00e1n la brecha social.<\/p>\n\n\n\n<p>APEDE adelanta que \u00e9stos  planteamiento ser\u00e1n expuestos del martes 21 al viernes 24 de julio durante de la Cade Nacional 2020, con jornadas que van desde las 9:00 a.m. a 12 del mediod\u00eda, transmitido a trav\u00e9s de EcoTV y You Tube:&nbsp;<strong><a rel=\"noreferrer noopener\" href=\"https:\/\/www.youtube.com\/apedeorg\/live\" target=\"_blank\">https:\/\/www.youtube.com\/apedeorg\/live<\/a><\/strong>.<\/p>\n\n\n\n<p>Como conferencista magistral inaugural estuvo, Luis Carranza, presidente de CAF, quien centr\u00f3 su exposici\u00f3n en un balance de la crisis que se est\u00e1 viviendo en Am\u00e9rica Latina debido a la pandemia, el impacto econ\u00f3mico y de salud p\u00fablica que est\u00e1 causando.<\/p>\n\n\n\n<p>Para la primera jornada de hoy estuvo como expositor el economista Guillermo Chapman, quien expuso un nuevo modelo econ\u00f3mico inclusivo y una nueva visi\u00f3n que atienda la incorporaci\u00f3n del resto de los territorios, pero que incluya a todos.<\/p>\n\n\n\n<p>Para el mi\u00e9rcoles estar\u00e1 como ponente magistral Carmen Pag\u00e9s, especialista en productividad y empleo del Banco Interamericano de Desarrollo (Bid), Washington, quien har\u00e1 un balance la situaci\u00f3n en Am\u00e9rica Latina.<\/p>\n\n\n\n<p>Para el jueves estar\u00e1 Michelle Muschett, quien junto a otros panelistas, abordar\u00e1 el tema de las brechas sociales, pol\u00edticas p\u00fablicas para un desarrollo sostenible, inclusivo y resiliente.<\/p>\n\n\n\n<p>El viernes los expositores se concentrar\u00e1n en la modernizaci\u00f3n del Estado y la reconstrucci\u00f3n del Sistema de Justicia, la gobernabilidad democr\u00e1tica. Como ponente principal estar\u00e1 Ad\u00e1n Arnulfo Arjona.<\/p>\n\n\n\n<p>Cade contar\u00e1 con la participaci\u00f3n de expositores nacionales e internacionales, y ministros de Estado de las carteras econ\u00f3micas y de reactivaci\u00f3n del pa\u00eds.<\/p>\n","protected":false},"excerpt":{"rendered":"<p>La Asociaci\u00f3n Paname\u00f1a de Ejecutivos de Empresas (Apede) inici\u00f3 hoy su ciclo de conferencias de la Cade Nacional 2020, despu\u00e9s de que en las \u00faltimas semanas llev\u00f3 a cabo otras tres versiones regionales. En el evento inaugural, este lunes 20 de julio,&nbsp; la presidenta de Apede Mercedes Eleta de Brenes destac\u00f3 que el t\u00edtulo de [&hellip;]<\/p>\n","protected":false},"author":1,"featured_media":9709,"comment_status":"open","ping_status":"open","sticky":false,"template":"","format":"standard","meta":[],"categories":[44],"tags":[],"_links":{"self":[{"href":"https:\/\/www.thevisitorpanama.info\/esp\/wp-json\/wp\/v2\/posts\/2180"}],"collection":[{"href":"https:\/\/www.thevisitorpanama.info\/esp\/wp-json\/wp\/v2\/posts"}],"about":[{"href":"https:\/\/www.thevisitorpanama.info\/esp\/wp-json\/wp\/v2\/types\/post"}],"author":[{"embeddable":true,"href":"https:\/\/www.thevisitorpanama.info\/esp\/wp-json\/wp\/v2\/users\/1"}],"replies":[{"embeddable":true,"href":"https:\/\/www.thevisitorpanama.info\/esp\/wp-json\/wp\/v2\/comments?post=2180"}],"version-history":[{"count":3,"href":"https:\/\/www.thevisitorpanama.info\/esp\/wp-json\/wp\/v2\/posts\/2180\/revisions"}],"predecessor-version":[{"id":2186,"href":"https:\/\/www.thevisitorpanama.info\/esp\/wp-json\/wp\/v2\/posts\/2180\/revisions\/2186"}],"wp:featuredmedia":[{"embeddable":true,"href":"https:\/\/www.thevisitorpanama.info\/esp\/wp-json\/wp\/v2\/media\/9709"}],"wp:attachment":[{"href":"https:\/\/www.thevisitorpanama.info\/esp\/wp-json\/wp\/v2\/media?parent=2180"}],"wp:term":[{"taxonomy":"category","embeddable":true,"href":"https:\/\/www.thevisitorpanama.info\/esp\/wp-json\/wp\/v2\/categories?post=2180"},{"taxonomy":"post_tag","embeddable":true,"href":"https:\/\/www.thevisitorpanama.info\/esp\/wp-json\/wp\/v2\/tags?post=2180"}],"curies":[{"name":"wp","href":"https:\/\/api.w.org\/{rel}","templated":true}]}}