{"id":21000,"date":"2026-05-01T19:09:34","date_gmt":"2026-05-02T00:09:34","guid":{"rendered":"https:\/\/www.thevisitorpanama.info\/esp\/?p=21000"},"modified":"2026-05-01T19:17:26","modified_gmt":"2026-05-02T00:17:26","slug":"panama-impulsa-turismo-regional-en-el-congreso-latinoamericano-y-del-caribe-clacskal-2026","status":"publish","type":"post","link":"https:\/\/www.thevisitorpanama.info\/esp\/2026\/05\/01\/panama-impulsa-turismo-regional-en-el-congreso-latinoamericano-y-del-caribe-clacskal-2026\/","title":{"rendered":"Panam\u00e1 Impulsa Turismo Regional en el Congreso Internacional CLACSKAL 2026"},"content":{"rendered":"\n<p>L\u00edderes y profesionales del turismo de Am\u00e9rica Latina y el Caribe iniciaron ayer jueves en ciudad de Panam\u00e1 la realizaci\u00f3n del Congreso CLACSKAL 2026, que tendr\u00e1 lugar hasta el 3 de mayo.<\/p>\n\n\n\n<figure class=\"wp-block-image size-full\"><img decoding=\"async\" loading=\"lazy\" width=\"1066\" height=\"1280\" src=\"https:\/\/www.thevisitorpanama.info\/esp\/wp-content\/uploads\/2026\/05\/IMG-20260430-WA0045.jpg\" alt=\"\" class=\"wp-image-21004\" srcset=\"https:\/\/www.thevisitorpanama.info\/esp\/wp-content\/uploads\/2026\/05\/IMG-20260430-WA0045.jpg 1066w, https:\/\/www.thevisitorpanama.info\/esp\/wp-content\/uploads\/2026\/05\/IMG-20260430-WA0045-768x922.jpg 768w\" sizes=\"(max-width: 1066px) 100vw, 1066px\" \/><\/figure>\n\n\n\n<p>El encuentro, organizado por Sk\u00e5l International Panam\u00e1, y donde tambi\u00e9n participa The Visitor &#8211; El Visitante y la gu\u00eda de turismo Focus Panam\u00e1 entregando a los participantes sus m\u00e1s recientes ediciones, promete posicionar al pa\u00eds como epicentro regional de la actividad congresual y fortalecer la agenda de desarrollo tur\u00edstico sostenible en la regi\u00f3n.<\/p>\n\n\n\n<figure class=\"wp-block-image size-full\"><img decoding=\"async\" loading=\"lazy\" width=\"1200\" height=\"1600\" src=\"https:\/\/www.thevisitorpanama.info\/esp\/wp-content\/uploads\/2026\/05\/IMG-20260430-WA0049.jpg\" alt=\"\" class=\"wp-image-21005\" srcset=\"https:\/\/www.thevisitorpanama.info\/esp\/wp-content\/uploads\/2026\/05\/IMG-20260430-WA0049.jpg 1200w, https:\/\/www.thevisitorpanama.info\/esp\/wp-content\/uploads\/2026\/05\/IMG-20260430-WA0049-768x1024.jpg 768w, https:\/\/www.thevisitorpanama.info\/esp\/wp-content\/uploads\/2026\/05\/IMG-20260430-WA0049-1152x1536.jpg 1152w\" sizes=\"(max-width: 1200px) 100vw, 1200px\" \/><\/figure>\n\n\n\n<p>El congreso re\u00fane a representantes de la industria tur\u00edstica en un programa que combina sesiones de alto nivel, mesas de trabajo, actividades culturales y experiencias patrimoniales.<\/p>\n\n\n\n<p>La inauguraci\u00f3n se celebr\u00f3 en el hist\u00f3rico Teatro Nacional y la agenda incluye recorridos urbanos, visitas al Canal de Panam\u00e1 y espacios dise\u00f1ados para el networking profesional y la generaci\u00f3n de oportunidades de negocio.<\/p>\n\n\n\n<figure class=\"wp-block-image size-full\"><img decoding=\"async\" loading=\"lazy\" width=\"1200\" height=\"1600\" src=\"https:\/\/www.thevisitorpanama.info\/esp\/wp-content\/uploads\/2026\/05\/IMG-20260430-WA0047.jpg\" alt=\"\" class=\"wp-image-21008\" srcset=\"https:\/\/www.thevisitorpanama.info\/esp\/wp-content\/uploads\/2026\/05\/IMG-20260430-WA0047.jpg 1200w, https:\/\/www.thevisitorpanama.info\/esp\/wp-content\/uploads\/2026\/05\/IMG-20260430-WA0047-768x1024.jpg 768w, https:\/\/www.thevisitorpanama.info\/esp\/wp-content\/uploads\/2026\/05\/IMG-20260430-WA0047-1152x1536.jpg 1152w\" sizes=\"(max-width: 1200px) 100vw, 1200px\" \/><\/figure>\n\n\n\n<p>CLACSKAL se ha consolidado como uno de los foros m\u00e1s influyentes del sector en Latinoam\u00e9rica, facilitando el intercambio de buenas pr\u00e1cticas, alianzas estrat\u00e9gicas y proyectos conjuntos entre sus miembros.<\/p>\n\n\n\n<p>En esta edici\u00f3n, Panam\u00e1 reafirma su condici\u00f3n de hub regional para congresos y convenciones, sustentada en su conectividad, infraestructura y oferta tur\u00edstica diversa.<\/p>\n\n\n\n<figure class=\"wp-block-image size-full\"><img decoding=\"async\" loading=\"lazy\" width=\"1280\" height=\"855\" src=\"https:\/\/www.thevisitorpanama.info\/esp\/wp-content\/uploads\/2026\/05\/IMG-20260430-WA0043.jpg\" alt=\"\" class=\"wp-image-21010\" srcset=\"https:\/\/www.thevisitorpanama.info\/esp\/wp-content\/uploads\/2026\/05\/IMG-20260430-WA0043.jpg 1280w, https:\/\/www.thevisitorpanama.info\/esp\/wp-content\/uploads\/2026\/05\/IMG-20260430-WA0043-768x513.jpg 768w, https:\/\/www.thevisitorpanama.info\/esp\/wp-content\/uploads\/2026\/05\/IMG-20260430-WA0043-537x360.jpg 537w\" sizes=\"(max-width: 1280px) 100vw, 1280px\" \/><\/figure>\n\n\n\n<p>Adem\u00e1s de su car\u00e1cter comercial y profesional, el congreso ser\u00e1 una plataforma para promover pol\u00edticas y pr\u00e1cticas orientadas a un turismo responsable, competitivo e inclusivo.<\/p>\n\n\n\n<p>Las sesiones abordar\u00e1n desaf\u00edos actuales y futuros del sector, con \u00e9nfasis en sostenibilidad, innovaci\u00f3n y equidad en el desarrollo tur\u00edstico.<\/p>\n\n\n\n<figure class=\"wp-block-image size-full\"><img decoding=\"async\" loading=\"lazy\" width=\"1200\" height=\"1600\" src=\"https:\/\/www.thevisitorpanama.info\/esp\/wp-content\/uploads\/2026\/05\/IMG-20260430-WA0048.jpg\" alt=\"\" class=\"wp-image-21012\" srcset=\"https:\/\/www.thevisitorpanama.info\/esp\/wp-content\/uploads\/2026\/05\/IMG-20260430-WA0048.jpg 1200w, https:\/\/www.thevisitorpanama.info\/esp\/wp-content\/uploads\/2026\/05\/IMG-20260430-WA0048-768x1024.jpg 768w, https:\/\/www.thevisitorpanama.info\/esp\/wp-content\/uploads\/2026\/05\/IMG-20260430-WA0048-1152x1536.jpg 1152w\" sizes=\"(max-width: 1200px) 100vw, 1200px\" \/><\/figure>\n\n\n\n<p>La organizaci\u00f3n local destaca la importancia del evento para proyectar a Panam\u00e1 como destino l\u00edder en turismo de reuniones, y como escenario de colaboraci\u00f3n yamistad profesional dentro de la red global de Sk\u00e5l International.<\/p>\n\n\n\n<p>Sk\u00e5l International fue creada en 1934, y representa la red profesional global m\u00e1s antigua y extensa de la industria tur\u00edstica, aglutinando a l\u00edderes y ejecutivos de todos los sectores del turismo. Su sede principal se encuentra establecida en la Costa del Sol, Espa\u00f1a. Actualmente cuenta con casi 13,000 miembros repartidos en alrededor de 300 clubes en cerca de 100 pa\u00edses.<\/p>\n\n\n\n<figure class=\"wp-block-image size-full\"><img decoding=\"async\" loading=\"lazy\" width=\"1280\" height=\"590\" src=\"https:\/\/www.thevisitorpanama.info\/esp\/wp-content\/uploads\/2026\/05\/IMG-20260430-WA0042.jpg\" alt=\"\" class=\"wp-image-21014\" srcset=\"https:\/\/www.thevisitorpanama.info\/esp\/wp-content\/uploads\/2026\/05\/IMG-20260430-WA0042.jpg 1280w, https:\/\/www.thevisitorpanama.info\/esp\/wp-content\/uploads\/2026\/05\/IMG-20260430-WA0042-768x354.jpg 768w\" sizes=\"(max-width: 1280px) 100vw, 1280px\" \/><\/figure>\n","protected":false},"excerpt":{"rendered":"<p>L\u00edderes y profesionales del turismo de Am\u00e9rica Latina y el Caribe iniciaron ayer jueves en ciudad de Panam\u00e1 la realizaci\u00f3n del Congreso CLACSKAL 2026, que tendr\u00e1 lugar hasta el 3 de mayo. El encuentro, organizado por Sk\u00e5l International Panam\u00e1, y donde tambi\u00e9n participa The Visitor &#8211; El Visitante y la gu\u00eda de turismo Focus Panam\u00e1 [&hellip;]<\/p>\n","protected":false},"author":1,"featured_media":21002,"comment_status":"open","ping_status":"open","sticky":false,"template":"","format":"standard","meta":[],"categories":[44],"tags":[],"_links":{"self":[{"href":"https:\/\/www.thevisitorpanama.info\/esp\/wp-json\/wp\/v2\/posts\/21000"}],"collection":[{"href":"https:\/\/www.thevisitorpanama.info\/esp\/wp-json\/wp\/v2\/posts"}],"about":[{"href":"https:\/\/www.thevisitorpanama.info\/esp\/wp-json\/wp\/v2\/types\/post"}],"author":[{"embeddable":true,"href":"https:\/\/www.thevisitorpanama.info\/esp\/wp-json\/wp\/v2\/users\/1"}],"replies":[{"embeddable":true,"href":"https:\/\/www.thevisitorpanama.info\/esp\/wp-json\/wp\/v2\/comments?post=21000"}],"version-history":[{"count":6,"href":"https:\/\/www.thevisitorpanama.info\/esp\/wp-json\/wp\/v2\/posts\/21000\/revisions"}],"predecessor-version":[{"id":21017,"href":"https:\/\/www.thevisitorpanama.info\/esp\/wp-json\/wp\/v2\/posts\/21000\/revisions\/21017"}],"wp:featuredmedia":[{"embeddable":true,"href":"https:\/\/www.thevisitorpanama.info\/esp\/wp-json\/wp\/v2\/media\/21002"}],"wp:attachment":[{"href":"https:\/\/www.thevisitorpanama.info\/esp\/wp-json\/wp\/v2\/media?parent=21000"}],"wp:term":[{"taxonomy":"category","embeddable":true,"href":"https:\/\/www.thevisitorpanama.info\/esp\/wp-json\/wp\/v2\/categories?post=21000"},{"taxonomy":"post_tag","embeddable":true,"href":"https:\/\/www.thevisitorpanama.info\/esp\/wp-json\/wp\/v2\/tags?post=21000"}],"curies":[{"name":"wp","href":"https:\/\/api.w.org\/{rel}","templated":true}]}}