{"id":20776,"date":"2026-03-12T20:44:47","date_gmt":"2026-03-13T01:44:47","guid":{"rendered":"https:\/\/www.thevisitorpanama.info\/esp\/?p=20776"},"modified":"2026-03-12T20:47:36","modified_gmt":"2026-03-13T01:47:36","slug":"panama-un-destino-que-combina-modernidad-historia-naturaleza-e-innovacion","status":"publish","type":"post","link":"https:\/\/www.thevisitorpanama.info\/esp\/2026\/03\/12\/panama-un-destino-que-combina-modernidad-historia-naturaleza-e-innovacion\/","title":{"rendered":"Panam\u00e1, un Destino que Combina Modernidad, Historia, Naturaleza e Innovaci\u00f3n"},"content":{"rendered":"\n<p>El Visitante\/ The Visitor Panama con cada nueva edici\u00f3n reafirma su posici\u00f3n como el medio de comunicaci\u00f3n enfocado en turismo m\u00e1s importante para paname\u00f1os y extranjeros.&nbsp;<\/p>\n\n\n\n<p>Este mes de marzo estaremos presentes en Panama Convention Center, en las 5 ferias de la C\u00e1mara de Comercio: Expo Turismo Internacional, Expocomer, Expo Log\u00edstica, Expo Tech y Expo El\u00e9ctrica Internacional. Igualmente en Chiriqu\u00ed, durante la Feria Internacional de David. Los miles de asistentes a estos grandes eventos podr\u00e1n apreciar por medio de nuestras p\u00e1ginas la rica historia, cultura ind\u00edgena, naturaleza y biodiversidad exuberante que ofrece Panam\u00e1 para explorar y descubrir.&nbsp;<\/p>\n\n\n\n<p>Nuestro Invitado Especial, Ernesto (Tito) Reyna con amplia trayectoria en el mundo del turismo comparte con The Visitor\/ El Visitante su an\u00e1lisis de lo que Panam\u00e1 tiene para el turismo y la necesidad de seguir promoviendo las diferentes regiones del pa\u00eds de manera planificada, continua y con \u00e9nfasis en la calidad de la atenci\u00f3n al visitante. Como presidente de Sk\u00e5l Panam\u00e1, nos explica el profundo \u201chermanamiento\u201d entre pa\u00edses y amor al turismo y las razones por las que el pa\u00eds ser\u00e1 sede del congreso Internacional CLACSKAL del 29 de abril al 3 de mayo.<\/p>\n\n\n\n<p>En el segmento Sabores, el Chef Juanjo S\u00e1nchez del restaurante de comida espa\u00f1ola Tinta de Toro, expresa su visi\u00f3n de la gastronom\u00eda y su contribuci\u00f3n a la experiencia del turista en Panam\u00e1. Siempre enfocado en hacer sentir a cada Visitante como en su casa.<\/p>\n\n\n\n<p>En esta edici\u00f3n recorremos destinos diversos llenos de experiencias aut\u00e9nticas. Por eso en Nuestro Reportaje de Portada, nos damos una vuelta por toda la provincia de Col\u00f3n. Conocida como la joya del caribe descubrir\u00e1s porque su atractiva mezcla de historia colonial, cultura y gastronom\u00eda afro-antillana y experiencias ecotur\u00edstica atraen a tantos Visitantes.&nbsp;<\/p>\n\n\n\n<p>El segmento Vacacionando redescubre Santa Catalina, un un pueblo de pescadores que hoy en d\u00eda es un destino que atrae a surfers y amantes de la playas de todas partes del mundo. Igualmente mostramos nuevas experiencias en Isla Coiba y C\u00e9baco, actividades que se pueden vivir desde este pueblo de Veraguas&nbsp;<\/p>\n\n\n\n<p>En el segmento Nuestra Tierra recorremos Las Tierras Altas Chiricanas para descubrir la Cascada de Salto del Tigre, en la secci\u00f3n Nuestra Tierra. Una ca\u00edda de agua de 30 metros rodeada de naturaleza que fascina a los Visitantes por las actividades que se pueden disfrutar como la observaci\u00f3n de aves, el senderismo o la fotograf\u00eda interpretativa.&nbsp;<\/p>\n\n\n\n<p>En Historia y Cultura, celebramos los 424 a\u00f1os de la ciudad de David, una ciudad emprendedora que desde sus inicios ha demostrado determinaci\u00f3n y visi\u00f3n, pasando de enclave agropecuario a importante motor econ\u00f3mico de occidente del pa\u00eds.<\/p>\n\n\n\n<p>El Evento del mes es la famosa Feria Internacional de David que celebra su 69 aniversario y re\u00fane a m\u00e1s de 500 expositores, del sector industrial, comercial, artesanal, agropecuario, folcl\u00f3rico, cultural, educativo y tecnol\u00f3gico. Cada a\u00f1o, por su diversidad de actividades recibe a m\u00e1s de trescientas mil personas de todo Panam\u00e1 y otros pa\u00edses de la regi\u00f3n.<\/p>\n\n\n\n<p>En Nota Especial, presentamos el Turismo Ind\u00edgena, una expresi\u00f3n autentica que ampl\u00eda la oferta tur\u00edstica nacional. Una ventana de turismo sostenible en el cual las comunidades muestran a los Visitantes en su propio escenario, la cultura, tradiciones, gastronom\u00eda ind\u00edgena. Pero siempre velando por su preservaci\u00f3n, gracias a REDTURI PANAM\u00c1.&nbsp;<\/p>\n\n\n\n<p>Somos parte de un pa\u00eds diverso y \u00fanico que abre sus puertas a los Visitantes, con un abanico de ofertas tur\u00edsticas que maravillan a todos.<\/p>\n\n\n\n<p>Mari\u00e1ngela Ara\u00faz Anselmi<\/p>\n\n\n\n<p>Directora General<\/p>\n\n\n\n<p>www.thevisitorpanama.info<\/p>\n\n\n\n<p>@thevisitorpanama<\/p>\n","protected":false},"excerpt":{"rendered":"<p>El Visitante\/ The Visitor Panama con cada nueva edici\u00f3n reafirma su posici\u00f3n como el medio de comunicaci\u00f3n enfocado en turismo m\u00e1s importante para paname\u00f1os y extranjeros.&nbsp; Este mes de marzo estaremos presentes en Panama Convention Center, en las 5 ferias de la C\u00e1mara de Comercio: Expo Turismo Internacional, Expocomer, Expo Log\u00edstica, Expo Tech y Expo [&hellip;]<\/p>\n","protected":false},"author":1,"featured_media":20781,"comment_status":"open","ping_status":"open","sticky":false,"template":"","format":"standard","meta":[],"categories":[43],"tags":[],"_links":{"self":[{"href":"https:\/\/www.thevisitorpanama.info\/esp\/wp-json\/wp\/v2\/posts\/20776"}],"collection":[{"href":"https:\/\/www.thevisitorpanama.info\/esp\/wp-json\/wp\/v2\/posts"}],"about":[{"href":"https:\/\/www.thevisitorpanama.info\/esp\/wp-json\/wp\/v2\/types\/post"}],"author":[{"embeddable":true,"href":"https:\/\/www.thevisitorpanama.info\/esp\/wp-json\/wp\/v2\/users\/1"}],"replies":[{"embeddable":true,"href":"https:\/\/www.thevisitorpanama.info\/esp\/wp-json\/wp\/v2\/comments?post=20776"}],"version-history":[{"count":2,"href":"https:\/\/www.thevisitorpanama.info\/esp\/wp-json\/wp\/v2\/posts\/20776\/revisions"}],"predecessor-version":[{"id":20780,"href":"https:\/\/www.thevisitorpanama.info\/esp\/wp-json\/wp\/v2\/posts\/20776\/revisions\/20780"}],"wp:featuredmedia":[{"embeddable":true,"href":"https:\/\/www.thevisitorpanama.info\/esp\/wp-json\/wp\/v2\/media\/20781"}],"wp:attachment":[{"href":"https:\/\/www.thevisitorpanama.info\/esp\/wp-json\/wp\/v2\/media?parent=20776"}],"wp:term":[{"taxonomy":"category","embeddable":true,"href":"https:\/\/www.thevisitorpanama.info\/esp\/wp-json\/wp\/v2\/categories?post=20776"},{"taxonomy":"post_tag","embeddable":true,"href":"https:\/\/www.thevisitorpanama.info\/esp\/wp-json\/wp\/v2\/tags?post=20776"}],"curies":[{"name":"wp","href":"https:\/\/api.w.org\/{rel}","templated":true}]}}