{"id":20703,"date":"2026-03-12T17:06:55","date_gmt":"2026-03-12T22:06:55","guid":{"rendered":"https:\/\/www.thevisitorpanama.info\/esp\/?p=20703"},"modified":"2026-03-12T17:16:21","modified_gmt":"2026-03-12T22:16:21","slug":"ciudad-de-david-celebra-424-anos-de-transformacion-de-enclave-colonial-a-motor-economico-del-occidente-panameno","status":"publish","type":"post","link":"https:\/\/www.thevisitorpanama.info\/esp\/2026\/03\/12\/ciudad-de-david-celebra-424-anos-de-transformacion-de-enclave-colonial-a-motor-economico-del-occidente-panameno\/","title":{"rendered":"Ciudad de David Celebra 424 A\u00f1os de Transformaci\u00f3n: De Enclave Colonial a Motor Econ\u00f3mico del Occidente Paname\u00f1o"},"content":{"rendered":"\n<p>La fundaci\u00f3n de la ciudad de David en la provincia de Chiriqu\u00ed un 19 de marzo de 1602 respondi\u00f3 a una l\u00f3gica clara del periodo colonial: asegurar el control territorial del occidente del istmo y aprovechar un valle excepcionalmente f\u00e9rtil. Hace 424 a\u00f1os, lo que hoy es el principal centro urbano de la regi\u00f3n occidental de Panam\u00e1 era un punto estrat\u00e9gico en construcci\u00f3n, pensado m\u00e1s para producir y conectar.<\/p>\n\n\n\n<figure class=\"wp-block-image size-full\"><img decoding=\"async\" loading=\"lazy\" width=\"1408\" height=\"1056\" src=\"https:\/\/www.thevisitorpanama.info\/esp\/wp-content\/uploads\/2026\/03\/Compress_20260311_152535_5125.jpg\" alt=\"\" class=\"wp-image-20708\" srcset=\"https:\/\/www.thevisitorpanama.info\/esp\/wp-content\/uploads\/2026\/03\/Compress_20260311_152535_5125.jpg 1408w, https:\/\/www.thevisitorpanama.info\/esp\/wp-content\/uploads\/2026\/03\/Compress_20260311_152535_5125-768x576.jpg 768w, https:\/\/www.thevisitorpanama.info\/esp\/wp-content\/uploads\/2026\/03\/Compress_20260311_152535_5125-80x60.jpg 80w, https:\/\/www.thevisitorpanama.info\/esp\/wp-content\/uploads\/2026\/03\/Compress_20260311_152535_5125-100x75.jpg 100w, https:\/\/www.thevisitorpanama.info\/esp\/wp-content\/uploads\/2026\/03\/Compress_20260311_152535_5125-180x135.jpg 180w, https:\/\/www.thevisitorpanama.info\/esp\/wp-content\/uploads\/2026\/03\/Compress_20260311_152535_5125-238x178.jpg 238w\" sizes=\"(max-width: 1408px) 100vw, 1408px\" \/><\/figure>\n\n\n\n<p><strong>Regi\u00f3n Habitada por Ind\u00edgenas&nbsp;<\/strong><\/p>\n\n\n\n<p>Antes de la llegada espa\u00f1ola, la zona estaba habitada por pueblos ind\u00edgenas vinculados al cacique Doraces. La riqueza natural del \u00e1rea \u2014agua abundante, suelos productivos y ubicaci\u00f3n geogr\u00e1fica favorable\u2014 hizo inevitable el inter\u00e9s de la Corona. El asentamiento inicial, conocido como San Jos\u00e9 de David de Dolega, marc\u00f3 el inicio de una historia profundamente ligada a la tierra.<\/p>\n\n\n\n<p><strong>Fundaci\u00f3n y Vocaci\u00f3n Agropecuaria<\/strong><\/p>\n\n\n\n<p>La fundaci\u00f3n formal bajo el gobernador Juan L\u00f3pez de Sequeira consolid\u00f3 la presencia espa\u00f1ola en la regi\u00f3n. A diferencia de otras ciudades coloniales del istmo, David no naci\u00f3 como enclave minero ni como puerto comercial. Su ADN fue agr\u00edcola y ganadero desde el primer momento.<\/p>\n\n\n\n<figure class=\"wp-block-image size-full\"><img decoding=\"async\" loading=\"lazy\" width=\"1170\" height=\"780\" src=\"https:\/\/www.thevisitorpanama.info\/esp\/wp-content\/uploads\/2026\/03\/Compress_20260311_152605_5250.jpg\" alt=\"\" class=\"wp-image-20710\" srcset=\"https:\/\/www.thevisitorpanama.info\/esp\/wp-content\/uploads\/2026\/03\/Compress_20260311_152605_5250.jpg 1170w, https:\/\/www.thevisitorpanama.info\/esp\/wp-content\/uploads\/2026\/03\/Compress_20260311_152605_5250-768x512.jpg 768w\" sizes=\"(max-width: 1170px) 100vw, 1170px\" \/><\/figure>\n\n\n\n<p>Esa decisi\u00f3n inicial result\u00f3 determinante. Durante los siglos XVII y XVIII, el crecimiento fue lento pero sostenido, apoyado en haciendas y estancias que aprovecharon la fertilidad del valle del r\u00edo David. Esta base productiva molde\u00f3 el car\u00e1cter de la ciudad: pr\u00e1ctico, resiliente y orientado al trabajo.<\/p>\n\n\n\n<p><strong>De Poblado Regional a Capital del Occidente<\/strong><\/p>\n\n\n\n<p>Tras la independencia de Espa\u00f1a en 1821 y la posterior integraci\u00f3n del istmo a la Gran Colombia, David comenz\u00f3 a ganar peso administrativo y comercial. El siglo XIX consolid\u00f3 su papel como cabecera regional de Chiriqu\u00ed, mientras se fortalec\u00edan las rutas terrestres hacia Centroam\u00e9rica.<\/p>\n\n\n\n<p>El verdadero punto de inflexi\u00f3n lleg\u00f3 en el siglo XX. La expansi\u00f3n ganadera, el crecimiento del comercio y la construcci\u00f3n de la Carretera Interamericana integraron definitivamente a David con el resto del pa\u00eds. La ciudad dej\u00f3 de ser un enclave regional para convertirse en el motor econ\u00f3mico del occidente paname\u00f1o.<\/p>\n\n\n\n<figure class=\"wp-block-image size-full\"><img decoding=\"async\" loading=\"lazy\" width=\"1280\" height=\"960\" src=\"https:\/\/www.thevisitorpanama.info\/esp\/wp-content\/uploads\/2026\/03\/Parque-Cervantes.jpg\" alt=\"\" class=\"wp-image-20712\" srcset=\"https:\/\/www.thevisitorpanama.info\/esp\/wp-content\/uploads\/2026\/03\/Parque-Cervantes.jpg 1280w, https:\/\/www.thevisitorpanama.info\/esp\/wp-content\/uploads\/2026\/03\/Parque-Cervantes-768x576.jpg 768w, https:\/\/www.thevisitorpanama.info\/esp\/wp-content\/uploads\/2026\/03\/Parque-Cervantes-80x60.jpg 80w, https:\/\/www.thevisitorpanama.info\/esp\/wp-content\/uploads\/2026\/03\/Parque-Cervantes-100x75.jpg 100w, https:\/\/www.thevisitorpanama.info\/esp\/wp-content\/uploads\/2026\/03\/Parque-Cervantes-180x135.jpg 180w, https:\/\/www.thevisitorpanama.info\/esp\/wp-content\/uploads\/2026\/03\/Parque-Cervantes-238x178.jpg 238w\" sizes=\"(max-width: 1280px) 100vw, 1280px\" \/><\/figure>\n\n\n\n<p><strong>Cinco Lugares para Conocer la Historia de David<\/strong><\/p>\n\n\n\n<p>Comprender la evoluci\u00f3n de David requiere recorrer sus espacios m\u00e1s representativos. El Parque Miguel de Cervantes Saavedra funciona como el coraz\u00f3n urbano desde donde se articul\u00f3 la ciudad. Frente a \u00e9l, la Catedral San Jos\u00e9 de David recuerda la continuidad espiritual que acompa\u00f1a su desarrollo desde tiempos coloniales.<\/p>\n\n\n\n<p>Para una lectura m\u00e1s profunda del pasado, el Museo de Historia y Arte Jos\u00e9 de Obald\u00eda resguarda la memoria documental de la provincia. A poca distancia, el Barrio Bol\u00edvar permite observar la expansi\u00f3n urbana de finales del siglo XIX y principios del XX. Finalmente, el recinto de la Feria Internacional de David confirma que la vocaci\u00f3n agropecuaria que dio origen a la ciudad sigue vigente.<\/p>\n\n\n\n<p><strong>Una Ciudad que Busca Desarrollarse sin Perder su Esencia<\/strong><\/p>\n\n\n\n<p>A 424 a\u00f1os de su fundaci\u00f3n, David enfrenta el desaf\u00edo com\u00fan de las ciudades intermedias en crecimiento: modernizarse sin diluir su identidad. La expansi\u00f3n urbana, el dinamismo comercial y la presi\u00f3n demogr\u00e1fica avanzan, pero el car\u00e1cter agr\u00edcola, emprendedor y estrat\u00e9gico que la vio nacer contin\u00faa definiendo su personalidad.<\/p>\n\n\n\n<figure class=\"wp-block-image size-full\"><img decoding=\"async\" loading=\"lazy\" width=\"1400\" height=\"800\" src=\"https:\/\/www.thevisitorpanama.info\/esp\/wp-content\/uploads\/2026\/03\/Turismo-en-David.webp\" alt=\"\" class=\"wp-image-20714\" srcset=\"https:\/\/www.thevisitorpanama.info\/esp\/wp-content\/uploads\/2026\/03\/Turismo-en-David.webp 1400w, https:\/\/www.thevisitorpanama.info\/esp\/wp-content\/uploads\/2026\/03\/Turismo-en-David-768x439.webp 768w\" sizes=\"(max-width: 1400px) 100vw, 1400px\" \/><\/figure>\n","protected":false},"excerpt":{"rendered":"<p>La fundaci\u00f3n de la ciudad de David en la provincia de Chiriqu\u00ed un 19 de marzo de 1602 respondi\u00f3 a una l\u00f3gica clara del periodo colonial: asegurar el control territorial del occidente del istmo y aprovechar un valle excepcionalmente f\u00e9rtil. Hace 424 a\u00f1os, lo que hoy es el principal centro urbano de la regi\u00f3n occidental [&hellip;]<\/p>\n","protected":false},"author":1,"featured_media":20706,"comment_status":"open","ping_status":"open","sticky":false,"template":"","format":"standard","meta":[],"categories":[31],"tags":[],"_links":{"self":[{"href":"https:\/\/www.thevisitorpanama.info\/esp\/wp-json\/wp\/v2\/posts\/20703"}],"collection":[{"href":"https:\/\/www.thevisitorpanama.info\/esp\/wp-json\/wp\/v2\/posts"}],"about":[{"href":"https:\/\/www.thevisitorpanama.info\/esp\/wp-json\/wp\/v2\/types\/post"}],"author":[{"embeddable":true,"href":"https:\/\/www.thevisitorpanama.info\/esp\/wp-json\/wp\/v2\/users\/1"}],"replies":[{"embeddable":true,"href":"https:\/\/www.thevisitorpanama.info\/esp\/wp-json\/wp\/v2\/comments?post=20703"}],"version-history":[{"count":6,"href":"https:\/\/www.thevisitorpanama.info\/esp\/wp-json\/wp\/v2\/posts\/20703\/revisions"}],"predecessor-version":[{"id":20715,"href":"https:\/\/www.thevisitorpanama.info\/esp\/wp-json\/wp\/v2\/posts\/20703\/revisions\/20715"}],"wp:featuredmedia":[{"embeddable":true,"href":"https:\/\/www.thevisitorpanama.info\/esp\/wp-json\/wp\/v2\/media\/20706"}],"wp:attachment":[{"href":"https:\/\/www.thevisitorpanama.info\/esp\/wp-json\/wp\/v2\/media?parent=20703"}],"wp:term":[{"taxonomy":"category","embeddable":true,"href":"https:\/\/www.thevisitorpanama.info\/esp\/wp-json\/wp\/v2\/categories?post=20703"},{"taxonomy":"post_tag","embeddable":true,"href":"https:\/\/www.thevisitorpanama.info\/esp\/wp-json\/wp\/v2\/tags?post=20703"}],"curies":[{"name":"wp","href":"https:\/\/api.w.org\/{rel}","templated":true}]}}